{"id":9870,"date":"2022-01-03T06:40:14","date_gmt":"2022-01-03T05:40:14","guid":{"rendered":"https:\/\/www.auditsi.eu\/?p=9870"},"modified":"2021-12-14T18:42:35","modified_gmt":"2021-12-14T17:42:35","slug":"facturation-recapitulation-des-mentions-obligatoires","status":"publish","type":"post","link":"https:\/\/www.auditsi.eu\/?p=9870","title":{"rendered":"Facturation : r\u00e9capitulation des mentions obligatoires"},"content":{"rendered":"<p style=\"text-align: justify;\">Une facture est une pi\u00e8ce comptable qui d\u00e9taille les marchandises vendues ou les prestations r\u00e9alis\u00e9es. Elle doit \u00eatre r\u00e9dig\u00e9e en langue fran\u00e7aise, \u00e9tablie en deux exemplaires dont l&#8217;original pour le client et comporter un certain nombre de mentions obligatoires. L&#8217;\u00e9mission de factures non conformes expose le contribuable \u00e0 des sanctions p\u00e9cuniaires.<\/p>\n<p><img loading=\"lazy\" decoding=\"async\" class=\"aligncenter size-full wp-image-2532\" src=\"https:\/\/www.auditsi.eu\/wp-content\/uploads\/2012\/11\/Logo-Administration-fiscale.jpg\" alt=\"Logo Administration fiscale\" width=\"293\" height=\"172\"><\/p>\n<p style=\"text-align: justify;\">Les mentions obligatoires sont fix\u00e9es par le <a href=\"https:\/\/bofip.impots.gouv.fr\/bofip\/8333-PGP.html\/identifiant%3DBOI-ANNX-000460-20131018\" target=\"_blank\" rel=\"noopener\">BOFiP<\/a> et sont list\u00e9es ci-apr\u00e8s :<\/p>\n<table style=\"width: 90%;\" width=\"90%\" align=\"center\">\n<tbody>\n<tr>\n<th style=\"width: 12.3288%;\">\n<p id=\"Commentaire_doctrinal_00\" align=\"center\">Commentaire doctrinal<\/p>\n<\/th>\n<th style=\"width: 26.5915%;\">\n<p id=\"Mention_01\" align=\"center\">Mention<\/p>\n<\/th>\n<th style=\"width: 24.2546%;\">\n<p id=\"Nature_de_loperation_concer_02\" align=\"center\">Nature de l&#8217;op\u00e9ration concern\u00e9e<\/p>\n<\/th>\n<th style=\"width: 25.5439%;\">\n<p id=\"Amenagement_\/_Dispense_05\" align=\"center\">Am\u00e9nagement \/ Dispense<\/p>\n<\/th>\n<\/tr>\n<tr>\n<td style=\"width: 12.3288%;\">\n<p id=\"BOI-TVA-DECLA-30-20-20-10_a_06\" align=\"CENTER\"><a title=\"TVA - R\u00e9gimes d'imposition et obligations d\u00e9claratives et comptables - R\u00e8gles relatives \u00e0 l'\u00e9tablissement des factures - Mentions \u00e0 porter sur les factures - Mentions obligatoires g\u00e9n\u00e9rales - 140-PGP\" href=\"https:\/\/bofip.impots.gouv.fr\/doctrine\/pgp\/140-PGP\" rel=\"external\">BOI-TVA-DECLA-30-20-20-10 au I-A \u00a7 10 et suivants<\/a><\/p>\n<\/td>\n<td style=\"width: 26.5915%;\">\n<p id=\"Nom_complet_et_adresse_de_l_07\" align=\"JUSTIFY\">Nom complet et adresse de l&#8217;assujetti et de son client.<\/p>\n<\/td>\n<td style=\"width: 24.2546%;\">\n<p id=\"Toute_operation._08\" align=\"CENTER\">Toute op\u00e9ration.<\/p>\n<\/td>\n<td style=\"width: 25.5439%;\">\n<p id=\"Sont_dispenses_des_elements_011\" align=\"JUSTIFY\">Sont dispens\u00e9s des \u00e9l\u00e9ments d&#8217;identification du client :<\/p>\n<p id=\"-_les_recus_delivres_par_de_012\" align=\"JUSTIFY\">&#8211; les re\u00e7us d\u00e9livr\u00e9s par des automates ou aux p\u00e9ages autoroutiers&nbsp;;<\/p>\n<p id=\"-_les_factures_dun_montant__013\" align=\"JUSTIFY\">&#8211; les factures d&#8217;un montant \u2264\u00e0 150 \u20ac H.T d\u00e9livr\u00e9es dans le secteur de la restauration.<\/p>\n<p id=\"(BOI-TVA-DECLA-30-20-20-20__014\" align=\"CENTER\">(<a title=\"TVA - R\u00e9gimes d'imposition et obligations d\u00e9claratives et comptables - Obligations d'ordre comptable et relatives \u00e0 la facturation - R\u00e8gles relatives \u00e0 l'\u00e9tablissement des factures - Mentions \u00e0 porter sur les factures - Mesures de simplification - 142-PGP\" href=\"https:\/\/bofip.impots.gouv.fr\/doctrine\/pgp\/142-PGP%252370_031\" rel=\"external\">BOI-TVA-DECLA-30-20-20-20 au III \u00a7 70 et suivants<\/a>)<\/p>\n<\/td>\n<\/tr>\n<tr>\n<td style=\"width: 12.3288%;\">\n<p id=\"BOI-TVA-DECLA-30-20-20-10_a_015\" align=\"CENTER\"><a title=\"TVA - R\u00e9gimes d'imposition et obligations d\u00e9claratives et comptables - R\u00e8gles relatives \u00e0 l'\u00e9tablissement des factures - Mentions \u00e0 porter sur les factures - Mentions obligatoires g\u00e9n\u00e9rales - 140-PGP\" href=\"https:\/\/bofip.impots.gouv.fr\/doctrine\/pgp\/140-PGP\" rel=\"external\">BOI-TVA-DECLA-30-20-20-10 au I-B \u00a7 30 et suivants<\/a><\/p>\n<\/td>\n<td style=\"width: 26.5915%;\">\n<p id=\"Numero_individuel_didentifi_016\" align=\"JUSTIFY\">Num\u00e9ro individuel d&#8217;identification attribu\u00e9 au fournisseur du bien ou service en application de l&#8217;<a title=\"art 286 ter du Code g\u00e9n\u00e9ral des imp\u00f4ts du 01\/01\/2013\" href=\"https:\/\/www.legifrance.gouv.fr\/codes\/article_lc\/LEGIARTI000026949956\/2013-01-01\" rel=\"external\">article 286 ter du CGI<\/a>.<\/p>\n<\/td>\n<td style=\"width: 24.2546%;\">\n<p id=\"Toute_operation._017\" align=\"CENTER\">Toute op\u00e9ration.<\/p>\n<\/td>\n<td style=\"width: 25.5439%;\">\n<p id=\"Sont_dispensees_de_cette_me_020\" align=\"JUSTIFY\">Sont dispens\u00e9es de cette mention&nbsp;:<\/p>\n<p id=\"-_les_factures_dont_le_mont_021\" align=\"JUSTIFY\">&#8211; les factures dont le montant est \u2264\u00e0 150 \u20ac H.T&nbsp;;<\/p>\n<p id=\"(sauf_lorsque_cette_mention_022\" align=\"JUSTIFY\">(sauf lorsque cette mention est d\u00e9j\u00e0 impos\u00e9e par une autre disposition du code g\u00e9n\u00e9ral des imp\u00f4ts (CGI)).<\/p>\n<p id=\"-_les_factures_rectificativ_023\" align=\"JUSTIFY\">&#8211; les factures rectificatives, quel qu&#8217;en soit le montant.<\/p>\n<p id=\"(BOI-TVA-DECLA-30-20-20-20)_024\" align=\"JUSTIFY\">(<a title=\"TVA - R\u00e9gimes d'imposition et obligations d\u00e9claratives et comptables - Obligations d'ordre comptable et relatives \u00e0 la facturation - R\u00e8gles relatives \u00e0 l'\u00e9tablissement des factures - Mentions \u00e0 porter sur les factures - Mesures de simplification - 142-PGP\" href=\"https:\/\/bofip.impots.gouv.fr\/doctrine\/pgp\/142-PGP\" rel=\"external\">BOI-TVA-DECLA-30-20-20-20<\/a>)<\/p>\n<\/td>\n<\/tr>\n<tr>\n<td style=\"width: 12.3288%;\">\n<p id=\"BOI-TVA-DECLA-30-20-20-10_a_025\" align=\"CENTER\"><a title=\"TVA - R\u00e9gimes d'imposition et obligations d\u00e9claratives et comptables - R\u00e8gles relatives \u00e0 l'\u00e9tablissement des factures - Mentions \u00e0 porter sur les factures - Mentions obligatoires g\u00e9n\u00e9rales - 140-PGP\" href=\"https:\/\/bofip.impots.gouv.fr\/doctrine\/pgp\/140-PGP%2523La_date_de_la_facture_23\" rel=\"external\">BOI-TVA-DECLA-30-20-20-10 au II-B \u00a7 140<\/a><\/p>\n<\/td>\n<td style=\"width: 26.5915%;\">\n<p id=\"Date_demission_de_la_factur_026\" align=\"JUSTIFY\">Date d&#8217;\u00e9mission de la facture.<\/p>\n<\/td>\n<td style=\"width: 24.2546%;\">\n<p id=\"Toute_operation._027\" align=\"CENTER\">Toute op\u00e9ration.<\/p>\n<\/td>\n<td style=\"width: 25.5439%;\">\n<p id=\"Non._030\" align=\"CENTER\">Non.<\/p>\n<\/td>\n<\/tr>\n<tr>\n<td style=\"width: 12.3288%;\">\n<p id=\"BOI-TVA-DECLA-30-20-20-10_a_031\" align=\"CENTER\"><a title=\"TVA - R\u00e9gimes d'imposition et obligations d\u00e9claratives et comptables - R\u00e8gles relatives \u00e0 l'\u00e9tablissement des factures - Mentions \u00e0 porter sur les factures - Mentions obligatoires g\u00e9n\u00e9rales - 140-PGP\" href=\"https:\/\/bofip.impots.gouv.fr\/doctrine\/pgp\/140-PGP%2523Numero_et_date_de_la_facture_11\" rel=\"external\">BOI-TVA-DECLA-30-20-20-10 au II-A \u00a7 70 et suivants<\/a><\/p>\n<\/td>\n<td style=\"width: 26.5915%;\">\n<p id=\"Numero_unique_base_sur_une__032\" align=\"JUSTIFY\">Num\u00e9ro unique bas\u00e9 sur une s\u00e9quence chronologique et continue.<\/p>\n<\/td>\n<td style=\"width: 24.2546%;\">\n<p id=\"Toute_operation._033\" align=\"CENTER\">Toute op\u00e9ration.<\/p>\n<\/td>\n<td style=\"width: 25.5439%;\">\n<p id=\"Possibilite_dadopter_une_nu_036\" align=\"JUSTIFY\">Possibilit\u00e9 d&#8217;adopter une num\u00e9rotation par s\u00e9ries distinctes lorsque les conditions d&#8217;exercice de l&#8217;activit\u00e9 de l&#8217;assujetti le justifient.<\/p>\n<\/td>\n<\/tr>\n<tr>\n<td style=\"width: 12.3288%;\">\n<p id=\"BOI-TVA-DECLA-30-20-20-10_a_037\" align=\"CENTER\"><a title=\"TVA - R\u00e9gimes d'imposition et obligations d\u00e9claratives et comptables - R\u00e8gles relatives \u00e0 l'\u00e9tablissement des factures - Mentions \u00e0 porter sur les factures - Mentions obligatoires g\u00e9n\u00e9rales - 140-PGP\" href=\"https:\/\/bofip.impots.gouv.fr\/doctrine\/pgp\/140-PGP%2523Mentions_relatives_aux_oper_12\" rel=\"external\">BOI-TVA-DECLA-30-20-20-10 au III-A \u00a7 180 et suivants<\/a><\/p>\n<\/td>\n<td style=\"width: 26.5915%;\">\n<p id=\"Pour_chacun_des_biens_livre_038\" align=\"JUSTIFY\">Pour chacun des biens livr\u00e9s ou services rendus (ligne de facture)&nbsp;:<\/p>\n<p id=\"-_la_quantite,_039\" align=\"JUSTIFY\">&#8211; la quantit\u00e9,<\/p>\n<p id=\"-_la_denomination_precise,_040\" align=\"JUSTIFY\">&#8211; la d\u00e9nomination pr\u00e9cise,<\/p>\n<p id=\"-_le_prix_unitaire_hors_tax_041\" align=\"JUSTIFY\">&#8211; le prix unitaire hors taxe,<\/p>\n<p id=\"-_le_taux_de_TVA_legalement_042\" align=\"JUSTIFY\">&#8211; le taux de TVA l\u00e9galement applicable ou, le cas \u00e9ch\u00e9ant, le b\u00e9n\u00e9fice d&#8217;une exon\u00e9ration (Cette derni\u00e8re mention est port\u00e9e en pied de facture).<\/p>\n<\/td>\n<td style=\"width: 24.2546%;\">\n<p id=\"Toute_operation._043\" align=\"CENTER\">Toute op\u00e9ration.<\/p>\n<\/td>\n<td style=\"width: 25.5439%;\">\n<p id=\"Factures_dacompte,_lorsquun_046\" align=\"JUSTIFY\">Factures d&#8217;acompte, lorsqu&#8217;un de ces \u00e9l\u00e9ments n&#8217;est pas d\u00e9termin\u00e9 au jour de l&#8217;\u00e9mission de la facture.<\/p>\n<p id=\"Factures_relatives_a_certai_047\" align=\"JUSTIFY\">Factures relatives \u00e0 certaines op\u00e9rations intracommunautaires (<a title=\"art 242 nonies A du Code g\u00e9n\u00e9ral des imp\u00f4ts, annexe 2 du 26\/04\/2013\" href=\"https:\/\/www.legifrance.gouv.fr\/codes\/article_lc\/LEGIARTI000027356476\/2013-04-26\" rel=\"external\">CGI, ann. II, art. 242 nonies A, II-al. 2, c<\/a>), lesquelles sont notamment dispens\u00e9es des mentions suivantes&nbsp;:<\/p>\n<p id=\"-_prix_unitaire_H.T&nbsp;;_048\" align=\"JUSTIFY\">&#8211; prix unitaire H.T&nbsp;;<\/p>\n<p id=\"-_taux_de_TVA_legalement_ap_049\" align=\"JUSTIFY\">&#8211; taux de TVA l\u00e9galement applicable.<\/p>\n<\/td>\n<\/tr>\n<tr>\n<td style=\"width: 12.3288%;\">\n<p id=\"BOI-TVA-DECLA-30-20-20-10_a_050\" align=\"CENTER\"><a title=\"TVA - R\u00e9gimes d'imposition et obligations d\u00e9claratives et comptables - R\u00e8gles relatives \u00e0 l'\u00e9tablissement des factures - Mentions \u00e0 porter sur les factures - Mentions obligatoires g\u00e9n\u00e9rales - 140-PGP\" href=\"https:\/\/bofip.impots.gouv.fr\/doctrine\/pgp\/140-PGP%2523240_075\" rel=\"external\">BOI-TVA-DECLA-30-20-20-10 au III-A-5 \u00a7 240 et suivants<\/a><\/p>\n<\/td>\n<td style=\"width: 26.5915%;\">\n<p id=\"Tous_rabais,_remises,_risto_051\" align=\"JUSTIFY\">Tous rabais, remises, ristournes ou escomptes acquis et chiffrables lors de l&#8217;op\u00e9ration et directement li\u00e9s \u00e0 cette op\u00e9ration.<\/p>\n<\/td>\n<td style=\"width: 24.2546%;\">\n<p id=\"Toute_operation._052\" align=\"CENTER\">Toute op\u00e9ration.<\/p>\n<\/td>\n<td style=\"width: 25.5439%;\">\n<p id=\"Rabais,_remises,_ristournes_055\" align=\"JUSTIFY\">Rabais, remises, ristournes ou escomptes qui ne sont pas acquis et dont le montant n&#8217;est pas chiffrable au moment de la facturation.<\/p>\n<p id=\"Factures_relatives_a_certai_056\" align=\"JUSTIFY\">Factures relatives \u00e0 certaines op\u00e9rations intracommunautaires (<a title=\"art 242 nonies A du Code g\u00e9n\u00e9ral des imp\u00f4ts, annexe 2 du 26\/04\/2013\" href=\"https:\/\/www.legifrance.gouv.fr\/codes\/article_lc\/LEGIARTI000027356476\/2013-04-26\" rel=\"external\">CGI, ann. II, art. 242 nonies A, II-al. 2, c<\/a>).<\/p>\n<\/td>\n<\/tr>\n<tr>\n<td style=\"width: 12.3288%;\">\n<p id=\"BOI-TVA-DECLA-30-20-20-10_a_057\" align=\"CENTER\"><a title=\"TVA - R\u00e9gimes d'imposition et obligations d\u00e9claratives et comptables - R\u00e8gles relatives \u00e0 l'\u00e9tablissement des factures - Mentions \u00e0 porter sur les factures - Mentions obligatoires g\u00e9n\u00e9rales - 140-PGP\" href=\"https:\/\/bofip.impots.gouv.fr\/doctrine\/pgp\/140-PGP%2523160_045\" rel=\"external\">BOI-TVA-DECLA-30-20-20-10 au III-A-1 \u00a7 160 et suivants<\/a><\/p>\n<\/td>\n<td style=\"width: 26.5915%;\">\n<p id=\"La_date_a_laquelle_est_effe_058\" align=\"JUSTIFY\">La date \u00e0 laquelle est effectu\u00e9e, ou achev\u00e9e, la livraison de biens ou la prestation de services ou la date \u00e0 laquelle est vers\u00e9 l&#8217;acompte vis\u00e9 au c du 1 du I de l&#8217;<a title=\"art 289 du Code g\u00e9n\u00e9ral des imp\u00f4ts du 07\/06\/2013\" href=\"https:\/\/www.legifrance.gouv.fr\/codes\/article_lc\/LEGIARTI000027517898\/2013-06-07\" rel=\"external\">article 289 du CGI<\/a>.<\/p>\n<\/td>\n<td style=\"width: 24.2546%;\">\n<p id=\"Toute_operation._059\" align=\"CENTER\">Toute op\u00e9ration.<\/p>\n<\/td>\n<td style=\"width: 25.5439%;\">\n<p id=\"Non,_sauf_si_la_date_de_lop_062\" align=\"JUSTIFY\">Non, sauf si la date de l&#8217;op\u00e9ration n&#8217;est pas d\u00e9termin\u00e9e au moment de la facturation (facture d&#8217;acompte, par exemple) ou si elle est identique \u00e0 la date d&#8217;\u00e9mission de la facture.<\/p>\n<\/td>\n<\/tr>\n<tr>\n<td style=\"width: 12.3288%;\">\n<p id=\"BOI-TVA-DECLA-30-20-20-10_a_063\" align=\"CENTER\"><a title=\"TVA - R\u00e9gimes d'imposition et obligations d\u00e9claratives et comptables - R\u00e8gles relatives \u00e0 l'\u00e9tablissement des factures - Mentions \u00e0 porter sur les factures - Mentions obligatoires g\u00e9n\u00e9rales - 140-PGP\" href=\"https:\/\/bofip.impots.gouv.fr\/doctrine\/pgp\/140-PGP%2523300_092\" rel=\"external\">BOI-TVA-DECLA-30-20-20-10 au III-B-1 \u00a7 300 et suivants<\/a><\/p>\n<\/td>\n<td style=\"width: 26.5915%;\">\n<p id=\"Le_montant_de_la_taxe_a_pay_064\" align=\"JUSTIFY\">Le montant de la taxe \u00e0 payer et, par taux d&#8217;imposition, le total hors taxe et la taxe correspondante mentionn\u00e9s distinctement.<\/p>\n<\/td>\n<td style=\"width: 24.2546%;\">\n<p id=\"Toute_operation._065\" align=\"CENTER\">Toute op\u00e9ration.<\/p>\n<\/td>\n<td style=\"width: 25.5439%;\">\n<p id=\"Non,_sauf_pour_les_factures_068\" align=\"JUSTIFY\">Non, sauf pour les factures relatives \u00e0 certaines op\u00e9rations intracommunautaires (<a title=\"art 242 nonies A du Code g\u00e9n\u00e9ral des imp\u00f4ts, annexe 2 du 26\/04\/2013\" href=\"https:\/\/www.legifrance.gouv.fr\/codes\/article_lc\/LEGIARTI000027356476\/2013-04-26\" rel=\"external\">CGI, ann. II, art. 242 nonies A, II-al. 2, c<\/a>, lesquelles peuvent ne pas faire mention du montant de la taxe \u00e0 payer.<\/p>\n<p id=\"Rappel:_en_application_de_l_069\" align=\"JUSTIFY\">Rappel: en application de l&#8217;<a title=\"art 297 E du Code g\u00e9n\u00e9ral des imp\u00f4ts du 01\/07\/2003\" href=\"https:\/\/www.legifrance.gouv.fr\/codes\/article_lc\/LEGIARTI000006304519\/2003-07-01\" rel=\"external\">article 297 E du CGI<\/a>, les assujettis qui appliquent le r\u00e9gime de la marge ne peuvent pas faire appara\u00eetre la TVA sur leurs factures.<\/p>\n<\/td>\n<\/tr>\n<tr>\n<td style=\"width: 12.3288%;\">\n<p id=\"BOI-TVA-DECLA-30-20-20-30_a_070\" align=\"CENTER\"><a title=\"TVA - R\u00e9gimes d'imposition et obligations d\u00e9claratives et comptables - Obligations d'ordre comptable et relatives \u00e0 la facturation - R\u00e8gles relatives \u00e0 l'\u00e9tablissement des factures - Mentions \u00e0 porter sur les factures - Mentions sp\u00e9cifiques \u00e0 certaines op\u00e9rations - 1531-PGP\" href=\"https:\/\/bofip.impots.gouv.fr\/doctrine\/pgp\/1531-PGP%2523Mention_des_numeros_didenti_30\" rel=\"external\">BOI-TVA-DECLA-30-20-20-30 au I-B-1 \u00a7 50 et suivants<\/a><\/p>\n<\/td>\n<td style=\"width: 26.5915%;\">\n<p id=\"Numeros_didentification_a_l_071\" align=\"JUSTIFY\">Num\u00e9ros d&#8217;identification \u00e0 la TVA du vendeur et de l&#8217;acqu\u00e9reur.<\/p>\n<\/td>\n<td style=\"width: 24.2546%;\" rowspan=\"2\">\n<p id=\"Livraisons_et_transferts_in_072\" align=\"CENTER\">Livraisons et transferts intracommunautaires exon\u00e9r\u00e9s en application du I de l&#8217;<a title=\"art 262 ter du Code g\u00e9n\u00e9ral des imp\u00f4ts du 01\/01\/2007\" href=\"https:\/\/www.legifrance.gouv.fr\/codes\/article_lc\/LEGIARTI000006304287\/2007-01-01\" rel=\"external\">article 262 ter du CGI<\/a>.<\/p>\n<\/td>\n<td style=\"width: 25.5439%;\" rowspan=\"2\">\n<p id=\"Non._075\" align=\"CENTER\">Non.<\/p>\n<\/td>\n<\/tr>\n<tr>\n<td style=\"width: 12.3288%;\">\n<p id=\"BOI-TVA-DECLA-30-20-20-30_a_076\" align=\"CENTER\"><a title=\"TVA - R\u00e9gimes d'imposition et obligations d\u00e9claratives et comptables - Obligations d'ordre comptable et relatives \u00e0 la facturation - R\u00e8gles relatives \u00e0 l'\u00e9tablissement des factures - Mentions \u00e0 porter sur les factures - Mentions sp\u00e9cifiques \u00e0 certaines op\u00e9rations - 1531-PGP\" href=\"https:\/\/bofip.impots.gouv.fr\/doctrine\/pgp\/1531-PGP%252370_028\" rel=\"external\">BOI-TVA-DECLA-30-20-20-30 au I-B-2 \u00a7 70<\/a><\/p>\n<\/td>\n<td style=\"width: 26.5915%;\">\n<p id=\"La_mention&nbsp;:_\u00ab&nbsp;Exoneration__077\" align=\"JUSTIFY\">La mention&nbsp;: <em>\u00ab&nbsp;Exon\u00e9ration TVA, art. 262 ter-I du CGI&nbsp;\u00bb<\/em>.<\/p>\n<\/td>\n<\/tr>\n<tr>\n<td style=\"width: 12.3288%;\">\n<p id=\"BOI-TVA-DECLA-30-20-20-30_a_078\" align=\"CENTER\"><a title=\"TVA - R\u00e9gimes d'imposition et obligations d\u00e9claratives et comptables - Obligations d'ordre comptable et relatives \u00e0 la facturation - R\u00e8gles relatives \u00e0 l'\u00e9tablissement des factures - Mentions \u00e0 porter sur les factures - Mentions sp\u00e9cifiques \u00e0 certaines op\u00e9rations - 1531-PGP\" href=\"https:\/\/bofip.impots.gouv.fr\/doctrine\/pgp\/1531-PGP%252380_030\" rel=\"external\">BOI-TVA-DECLA-30-20-20-30 au I-C \u00a7 80 et suivants<\/a><\/p>\n<\/td>\n<td style=\"width: 26.5915%;\">\n<p id=\"Numero_didentification_a_la_079\" align=\"JUSTIFY\">Num\u00e9ro d&#8217;identification \u00e0 la TVA du prestataire ainsi que celui du preneur pour les prestations pour lesquelles ce dernier est redevable de la taxe.<\/p>\n<\/td>\n<td style=\"width: 24.2546%;\">\n<p id=\"Prestations_de_services_sou_080\" align=\"CENTER\">Prestations de services soumises \u00e0 autoliquidation.<\/p>\n<\/td>\n<td style=\"width: 25.5439%;\">\n<p id=\"Non._085\" align=\"CENTER\">Non.<\/p>\n<\/td>\n<\/tr>\n<tr>\n<td style=\"width: 12.3288%;\" rowspan=\"2\">\n<p id=\"BOI-TVA-DECLA-30-20-20-30_a_086\" align=\"CENTER\"><a title=\"TVA - R\u00e9gimes d'imposition et obligations d\u00e9claratives et comptables - Obligations d'ordre comptable et relatives \u00e0 la facturation - R\u00e8gles relatives \u00e0 l'\u00e9tablissement des factures - Mentions \u00e0 porter sur les factures - Mentions sp\u00e9cifiques \u00e0 certaines op\u00e9rations - 1531-PGP\" href=\"https:\/\/bofip.impots.gouv.fr\/doctrine\/pgp\/1531-PGP\" rel=\"external\">BOI-TVA-DECLA-30-20-20-30 au I-A \u00a7 30<\/a><\/p>\n<\/td>\n<td style=\"width: 26.5915%;\">\n<p id=\"Numero_didentification_a_la_087\" align=\"JUSTIFY\">Num\u00e9ro d&#8217;identification \u00e0 la TVA de l&#8217;acqu\u00e9reur et le num\u00e9ro d&#8217;identification \u00e0 la TVA en France du destinataire de la livraison.<\/p>\n<\/td>\n<td style=\"width: 24.2546%;\" rowspan=\"2\">\n<p id=\"Operations_intracommunautai_088\" align=\"CENTER\">Op\u00e9rations intracommunautaires triangulaires vis\u00e9es au 4\u00b0 du I de l&#8217;<a title=\"art 258 D du Code g\u00e9n\u00e9ral des imp\u00f4ts du 01\/01\/2008\" href=\"https:\/\/www.legifrance.gouv.fr\/codes\/article_lc\/LEGIARTI000018035974\/2008-01-01\" rel=\"external\">article 258 D du CGI<\/a>, lorsque le destinataire du bien est \u00e9tabli ou identifi\u00e9 \u00e0 la TVA en France.<\/p>\n<\/td>\n<td style=\"width: 25.5439%;\" rowspan=\"2\">\n<p id=\"Non._091\" align=\"CENTER\">Non.<\/p>\n<\/td>\n<\/tr>\n<tr>\n<td style=\"width: 26.5915%;\">\n<p id=\"Mention&nbsp;:_\u00ab&nbsp;Application_de__092\" align=\"JUSTIFY\">Mention&nbsp;: <em>\u00ab&nbsp;Application de l&#8217;article 141 de la directive 2006\/112\/CE du Conseil du 28 novembre 2006&nbsp;\u00bb<\/em>.<\/p>\n<\/td>\n<\/tr>\n<tr>\n<td style=\"width: 12.3288%;\" rowspan=\"2\">\n<p id=\"BOI-TVA-DECLA-30-20-20-30_a_093\" align=\"CENTER\"><a title=\"TVA - R\u00e9gimes d'imposition et obligations d\u00e9claratives et comptables - Obligations d'ordre comptable et relatives \u00e0 la facturation - R\u00e8gles relatives \u00e0 l'\u00e9tablissement des factures - Mentions \u00e0 porter sur les factures - Mentions sp\u00e9cifiques \u00e0 certaines op\u00e9rations - 1531-PGP\" href=\"https:\/\/bofip.impots.gouv.fr\/doctrine\/pgp\/1531-PGP\" rel=\"external\">BOI-TVA-DECLA-30-20-20-30 au I-A \u00a7 30<\/a><\/p>\n<\/td>\n<td style=\"width: 26.5915%;\">\n<p id=\"Numero_didentification_a_la_094\" align=\"JUSTIFY\">Num\u00e9ro d&#8217;identification \u00e0 la TVA en France de l&#8217;acqu\u00e9reur des biens et le num\u00e9ro d&#8217;identification \u00e0 la TVA du destinataire de la livraison cons\u00e9cutive dans l&#8217;\u00c9tat membre o\u00f9 les biens ont \u00e9t\u00e9 exp\u00e9di\u00e9s ou transport\u00e9s.<\/p>\n<\/td>\n<td style=\"width: 24.2546%;\" rowspan=\"2\">\n<p id=\"Operations_intracommunautai_095\" align=\"CENTER\">Op\u00e9rations intracommunautaires triangulaires vis\u00e9es au 1\u00b0 du II de l&#8217;<a title=\"art 258 D du Code g\u00e9n\u00e9ral des imp\u00f4ts du 01\/01\/2008\" href=\"https:\/\/www.legifrance.gouv.fr\/codes\/article_lc\/LEGIARTI000018035974\/2008-01-01\" rel=\"external\">article 258 D du CGI<\/a>, lorsque l&#8217;acqu\u00e9reur des biens exp\u00e9di\u00e9s dans un autre \u00c9tat membre est \u00e9tabli ou identifi\u00e9 \u00e0 la TVA en France.<\/p>\n<\/td>\n<td style=\"width: 25.5439%;\" rowspan=\"2\">\n<p id=\"Non._098\" align=\"CENTER\">Non.<\/p>\n<\/td>\n<\/tr>\n<tr>\n<td style=\"width: 26.5915%;\">\n<p id=\"Mention&nbsp;:_\u00ab&nbsp;Application_de__099\" align=\"JUSTIFY\">Mention&nbsp;: <em>\u00ab&nbsp;Application de l&#8217;article 141 de la directive 2006\/112\/CE du Conseil du 28 novembre 2006&nbsp;\u00bb<\/em>.<\/p>\n<\/td>\n<\/tr>\n<tr>\n<td style=\"width: 12.3288%;\">\n<p id=\"BOI-TVA-DECLA-30-20-20-30_a_0100\" align=\"CENTER\"><a title=\"TVA - R\u00e9gimes d'imposition et obligations d\u00e9claratives et comptables - Obligations d'ordre comptable et relatives \u00e0 la facturation - R\u00e8gles relatives \u00e0 l'\u00e9tablissement des factures - Mentions \u00e0 porter sur les factures - Mentions sp\u00e9cifiques \u00e0 certaines op\u00e9rations - 1531-PGP\" href=\"https:\/\/bofip.impots.gouv.fr\/doctrine\/pgp\/1531-PGP%2523110_037\" rel=\"external\">BOI-TVA-DECLA-30-20-20-30 au I-D \u00a7 110 et suivants<\/a><\/p>\n<\/td>\n<td style=\"width: 26.5915%;\">\n<p id=\"Numero_didentification_a_la_0101\" align=\"JUSTIFY\">Num\u00e9ro d&#8217;identification \u00e0 la TVA intracommunautaire du prestataire de services.<\/p>\n<\/td>\n<td style=\"width: 24.2546%;\">\n<p id=\"Prestations_de_services_fou_0102\" align=\"JUSTIFY\">Prestations de services fournies par voie \u00e9lectronique vis\u00e9es \u00e0 l&#8217;<a title=\"art 259 D du Code g\u00e9n\u00e9ral des imp\u00f4ts du 01\/01\/2010\" href=\"https:\/\/www.legifrance.gouv.fr\/codes\/article_lc\/LEGIARTI000021642637\/2010-01-01\" rel=\"external\">article 259 D du CGI<\/a>.<\/p>\n<\/td>\n<td style=\"width: 25.5439%;\">\n<p id=\"Non._0105\" align=\"CENTER\">Non.<\/p>\n<\/td>\n<\/tr>\n<tr>\n<td style=\"width: 12.3288%;\">\n<p id=\"BOI-TVA-DECLA-30-20-20-10_a_0106\" align=\"CENTER\"><a title=\"TVA - R\u00e9gimes d'imposition et obligations d\u00e9claratives et comptables - R\u00e8gles relatives \u00e0 l'\u00e9tablissement des factures - Mentions \u00e0 porter sur les factures - Mentions obligatoires g\u00e9n\u00e9rales - 140-PGP\" href=\"https:\/\/bofip.impots.gouv.fr\/doctrine\/pgp\/140-PGP%252350_014\" rel=\"external\">BOI-TVA-DECLA-30-20-20-10 au I-B \u00a7 50<\/a><\/p>\n<\/td>\n<td style=\"width: 26.5915%;\">\n<p id=\"Numero_individuel_didentifi_0107\" align=\"JUSTIFY\">Num\u00e9ro individuel d&#8217;identification du repr\u00e9sentant fiscal, ainsi que son nom complet et son adresse.<\/p>\n<\/td>\n<td style=\"width: 24.2546%;\">\n<p id=\"Operations_pour_lesquelles__0108\" align=\"JUSTIFY\">Op\u00e9rations pour lesquelles le redevable de la TVA est un repr\u00e9sentant fiscal au sens de l&#8217;<a title=\"art 289 A du Code g\u00e9n\u00e9ral des imp\u00f4ts du 01\/01\/2013\" href=\"https:\/\/www.legifrance.gouv.fr\/codes\/article_lc\/LEGIARTI000026949954\/2013-01-01\" rel=\"external\">article 289 A du CGI<\/a>.<\/p>\n<\/td>\n<td style=\"width: 25.5439%;\">\n<p id=\"Non._0111\" align=\"CENTER\">Non.<\/p>\n<\/td>\n<\/tr>\n<tr>\n<td style=\"width: 12.3288%;\">\n<p id=\"BOI-TVA-DECLA-30-20-20-10_a_0112\" align=\"CENTER\"><a title=\"TVA - R\u00e9gimes d'imposition et obligations d\u00e9claratives et comptables - R\u00e8gles relatives \u00e0 l'\u00e9tablissement des factures - Mentions \u00e0 porter sur les factures - Mentions obligatoires g\u00e9n\u00e9rales - 140-PGP\" href=\"https:\/\/bofip.impots.gouv.fr\/doctrine\/pgp\/140-PGP%2523490_0137\" rel=\"external\">BOI-TVA-DECLA-30-20-20-10 au III-B-3 \u00a7 490 et suivants<\/a><\/p>\n<\/td>\n<td style=\"width: 26.5915%;\">\n<p id=\"La_reference_a_la_dispositi_0113\" align=\"JUSTIFY\">La r\u00e9f\u00e9rence \u00e0 la disposition pertinente du CGI ou de la directive 2006\/112\/CE du 28 novembre 2006, ou \u00e0 toute autre mention indiquant que l&#8217;op\u00e9ration b\u00e9n\u00e9ficie d&#8217;une mesure d&#8217;exon\u00e9ration.<\/p>\n<\/td>\n<td style=\"width: 24.2546%;\">\n<p id=\"Toute_operation_beneficiant_0114\" align=\"CENTER\">Toute op\u00e9ration b\u00e9n\u00e9ficiant d&#8217;une mesure d&#8217;exon\u00e9ration.<\/p>\n<\/td>\n<td style=\"width: 25.5439%;\">\n<p id=\"Sont_dispensees_de_cette_me_0117\" align=\"JUSTIFY\">Sont dispens\u00e9es de cette mention&nbsp;:<\/p>\n<p id=\"-_les_factures_dont_le_mont_0118\" align=\"JUSTIFY\">&#8211; les factures dont le montant est \u2264\u00e0 150 \u20ac H.T&nbsp;;<\/p>\n<p id=\"(sauf_lorsque_cette_mention_0119\" align=\"JUSTIFY\">(sauf lorsque cette mention est d\u00e9j\u00e0 impos\u00e9e par une autre disposition du CGI).<\/p>\n<p id=\"-_les_factures_rectificativ_0120\" align=\"JUSTIFY\">&#8211; les factures rectificatives, quel qu&#8217;en soit le montant.<\/p>\n<p id=\"(BOI-TVA-DECLA-30-20-20-20)_0121\" align=\"JUSTIFY\">(<a title=\"TVA - R\u00e9gimes d'imposition et obligations d\u00e9claratives et comptables - Obligations d'ordre comptable et relatives \u00e0 la facturation - R\u00e8gles relatives \u00e0 l'\u00e9tablissement des factures - Mentions \u00e0 porter sur les factures - Mesures de simplification - 142-PGP\" href=\"https:\/\/bofip.impots.gouv.fr\/doctrine\/pgp\/142-PGP\" rel=\"external\">BOI-TVA-DECLA-30-20-20-20<\/a>)<\/p>\n<\/td>\n<\/tr>\n<tr>\n<td style=\"width: 12.3288%;\">\n<p id=\"BOI-TVA-DECLA-30-20-20-10_a_0122\" align=\"CENTER\"><a title=\"TVA - R\u00e9gimes d'imposition et obligations d\u00e9claratives et comptables - R\u00e8gles relatives \u00e0 l'\u00e9tablissement des factures - Mentions \u00e0 porter sur les factures - Mentions obligatoires g\u00e9n\u00e9rales - 140-PGP\" href=\"https:\/\/bofip.impots.gouv.fr\/doctrine\/pgp\/140-PGP%2523520_0143\" rel=\"external\">BOI-TVA-DECLA-30-20-20-10 au III-B-4 \u00a7 520 et suivants<\/a><\/p>\n<\/td>\n<td style=\"width: 26.5915%;\">\n<p id=\"La_mention&nbsp;:_\u00ab&nbsp;Autoliquidat_0123\" align=\"CENTER\">La mention&nbsp;: <em>\u00ab&nbsp;Autoliquidation&nbsp;\u00bb<\/em>.<\/p>\n<\/td>\n<td style=\"width: 24.2546%;\">\n<p id=\"Toute_operation_pour_laquel_0124\" align=\"CENTER\">Toute op\u00e9ration pour laquelle l&#8217;acqu\u00e9reur ou le preneur est redevable de la taxe.<\/p>\n<p id=\"Precision&nbsp;:_Cette_mention_n_0125\" align=\"JUSTIFY\">Pr\u00e9cision&nbsp;: Cette mention n&#8217;a pas \u00e0 figurer sur les factures \u00e9mises au titre des livraisons intracommunautaires vis\u00e9es au I de l&#8217;<a title=\"art 262 ter du Code g\u00e9n\u00e9ral des imp\u00f4ts du 01\/01\/2007\" href=\"https:\/\/www.legifrance.gouv.fr\/codes\/article_lc\/LEGIARTI000006304287\/2007-01-01\" rel=\"external\">article 262 ter du CGI<\/a>.<\/p>\n<\/td>\n<td style=\"width: 25.5439%;\">\n<p id=\"Non._0130\" align=\"CENTER\">Non.<\/p>\n<\/td>\n<\/tr>\n<tr>\n<td style=\"width: 12.3288%;\">\n<p id=\"BOI-TVA-DECLA-30-20-20-10_a_0131\" align=\"CENTER\"><a title=\"TVA - R\u00e9gimes d'imposition et obligations d\u00e9claratives et comptables - R\u00e8gles relatives \u00e0 l'\u00e9tablissement des factures - Mentions \u00e0 porter sur les factures - Mentions obligatoires g\u00e9n\u00e9rales - 140-PGP\" href=\"https:\/\/bofip.impots.gouv.fr\/doctrine\/pgp\/140-PGP%2523550_0150\" rel=\"external\">BOI-TVA-DECLA-30-20-20-10 au III-B-5 \u00a7 550 et suivants<\/a><\/p>\n<\/td>\n<td style=\"width: 26.5915%;\">\n<p id=\"La_mention&nbsp;:_\u00ab&nbsp;Autofacturat_0132\" align=\"CENTER\">La mention&nbsp;: <em>\u00ab&nbsp;Autofacturation&nbsp;\u00bb<\/em>.<\/p>\n<\/td>\n<td style=\"width: 24.2546%;\">\n<p id=\"Toute_operation_pour_laquel_0133\" align=\"JUSTIFY\">Toute op\u00e9ration pour laquelle la facture est \u00e9mise, au nom et pour le compte de l&#8217;assujetti, par l&#8217;acqu\u00e9reur ou le preneur.<\/p>\n<\/td>\n<td style=\"width: 25.5439%;\">\n<p id=\"Non._0137\" align=\"CENTER\">Non.<\/p>\n<\/td>\n<\/tr>\n<tr>\n<td style=\"width: 12.3288%;\">\n<p id=\"BOI-TVA-DECLA-30-20-20-10_a_0138\" align=\"CENTER\"><a title=\"TVA - R\u00e9gimes d'imposition et obligations d\u00e9claratives et comptables - R\u00e8gles relatives \u00e0 l'\u00e9tablissement des factures - Mentions \u00e0 porter sur les factures - Mentions obligatoires g\u00e9n\u00e9rales - 140-PGP\" href=\"https:\/\/bofip.impots.gouv.fr\/doctrine\/pgp\/140-PGP%2523570_0154\" rel=\"external\">BOI-TVA-DECLA-30-20-20-10 au III-B-6 \u00a7 570<\/a><\/p>\n<\/td>\n<td style=\"width: 26.5915%;\">\n<p id=\"La_mention&nbsp;:_\u00ab&nbsp;Regime_parti_0139\" align=\"CENTER\">La mention&nbsp;: <em>\u00ab&nbsp;R\u00e9gime particulier \u2013 Agences de voyage&nbsp;\u00bb<\/em>.<\/p>\n<\/td>\n<td style=\"width: 24.2546%;\">\n<p id=\"Toute_operation_beneficiant_0140\" align=\"JUSTIFY\">Toute op\u00e9ration b\u00e9n\u00e9ficiant du r\u00e9gime de la marge pr\u00e9vu au e du 1 de l&#8217;<a title=\"art 266 du Code g\u00e9n\u00e9ral des imp\u00f4ts du 01\/01\/2013\" href=\"https:\/\/www.legifrance.gouv.fr\/codes\/article_lc\/LEGIARTI000026949893\/2013-01-01\" rel=\"external\">article 266 du CGI<\/a>.<\/p>\n<\/td>\n<td style=\"width: 25.5439%;\" rowspan=\"4\">\n<p id=\"Non._0145\" align=\"CENTER\">Non.<\/p>\n<\/td>\n<\/tr>\n<tr>\n<td style=\"width: 12.3288%;\">\n<p id=\"BOI-TVA-DECLA-30-20-20-10_a_0146\" align=\"CENTER\"><a title=\"TVA - R\u00e9gimes d'imposition et obligations d\u00e9claratives et comptables - R\u00e8gles relatives \u00e0 l'\u00e9tablissement des factures - Mentions \u00e0 porter sur les factures - Mentions obligatoires g\u00e9n\u00e9rales - 140-PGP\" href=\"https:\/\/bofip.impots.gouv.fr\/doctrine\/pgp\/140-PGP%2523580_0156\" rel=\"external\">BOI-TVA-DECLA-30-20-20-10 au III-B-6 \u00a7 580<\/a><\/p>\n<\/td>\n<td style=\"width: 26.5915%;\">\n<p id=\"La_mention&nbsp;:_\u00ab&nbsp;Regime_parti_0147\" align=\"CENTER\">La mention&nbsp;: <em>\u00ab&nbsp;R\u00e9gime particulier \u2013 Biens d&#8217;occasion&nbsp;\u00bb<\/em>.<\/p>\n<\/td>\n<td style=\"width: 24.2546%;\" rowspan=\"3\">\n<p id=\"Toute_operation_beneficiant_0148\" align=\"CENTER\">Toute op\u00e9ration b\u00e9n\u00e9ficiant du r\u00e9gime de la marge pr\u00e9vu \u00e0 l&#8217;<a title=\"art 297 A du Code g\u00e9n\u00e9ral des imp\u00f4ts du 31\/03\/2002\" href=\"https:\/\/www.legifrance.gouv.fr\/codes\/article_lc\/LEGIARTI000006304513\/2002-03-31\" rel=\"external\">article 297 A du CGI<\/a>, selon la nature du bien objet de l&#8217;op\u00e9ration.<\/p>\n<\/td>\n<\/tr>\n<tr>\n<td style=\"width: 12.3288%;\">\n<p id=\"BOI-TVA-DECLA-30-20-20-10_a_0149\" align=\"CENTER\"><a title=\"TVA - R\u00e9gimes d'imposition et obligations d\u00e9claratives et comptables - R\u00e8gles relatives \u00e0 l'\u00e9tablissement des factures - Mentions \u00e0 porter sur les factures - Mentions obligatoires g\u00e9n\u00e9rales - 140-PGP\" href=\"https:\/\/bofip.impots.gouv.fr\/doctrine\/pgp\/140-PGP%2523580_0156\" rel=\"external\">BOI-TVA-DECLA-30-20-20-10 au III-B-6 \u00a7 580<\/a><\/p>\n<\/td>\n<td style=\"width: 26.5915%;\">\n<p id=\"La_mention&nbsp;:_\u00ab&nbsp;Regime_parti_0150\" align=\"CENTER\">La mention&nbsp;: <em>\u00ab&nbsp;R\u00e9gime particulier \u2013 Objets d&#8217;art&nbsp;\u00bb<\/em>.<\/p>\n<\/td>\n<\/tr>\n<tr>\n<td style=\"width: 12.3288%;\">\n<p id=\"BOI-TVA-DECLA-30-20-20-10_a_0151\" align=\"CENTER\"><a title=\"TVA - R\u00e9gimes d'imposition et obligations d\u00e9claratives et comptables - R\u00e8gles relatives \u00e0 l'\u00e9tablissement des factures - Mentions \u00e0 porter sur les factures - Mentions obligatoires g\u00e9n\u00e9rales - 140-PGP\" href=\"https:\/\/bofip.impots.gouv.fr\/doctrine\/pgp\/140-PGP%2523580_0156\" rel=\"external\">BOI-TVA-DECLA-30-20-20-10 au III-B-6 \u00a7 580<\/a><\/p>\n<\/td>\n<td style=\"width: 26.5915%;\">\n<p id=\"La_mention&nbsp;:_\u00ab&nbsp;Regime_parti_0152\" align=\"CENTER\">La mention&nbsp;: <em>\u00ab&nbsp;R\u00e9gime particulier \u2013 Objets de collection et d&#8217;antiquit\u00e9&nbsp;\u00bb.<\/em><\/p>\n<\/td>\n<\/tr>\n<tr>\n<td style=\"width: 12.3288%;\">\n<p id=\"BOI-TVA-SECT-70-20_au_I-B-3_0153\" align=\"CENTER\"><a title=\"TVA - R\u00e9gimes sectoriels - Op\u00e9rations intracommunautaires portant sur les moyens de transport neufs - Livraison dans un autre \u00c9tat membre - 690-PGP\" href=\"https:\/\/bofip.impots.gouv.fr\/doctrine\/pgp\/690-PGP%2523Identification_complete_du__32\" rel=\"external\">BOI-TVA-SECT-70-20 au I-B-3 \u00a7 90<\/a><\/p>\n<\/td>\n<td style=\"width: 26.5915%;\">\n<p id=\"Identification_complete_du__0154\" align=\"JUSTIFY\">Identification compl\u00e8te du moyen de transport&nbsp;:<\/p>\n<p id=\"-_pour_lensemble_des_moyens_0155\" align=\"JUSTIFY\">&#8211; pour l&#8217;ensemble des moyens de transport, la nature, le genre, la marque, le type et le num\u00e9ro dans la s\u00e9rie du type, ainsi que le num\u00e9ro ou la marque d&#8217;immatriculation \u00e9trang\u00e8re lorsqu&#8217;il ou elle existe&nbsp;;<\/p>\n<p id=\"-_pour_les_vehicules_terres_0156\" align=\"JUSTIFY\">&#8211; pour les v\u00e9hicules terrestres \u00e0 moteur, la cylindr\u00e9e ou la puissance fiscale&nbsp;; la date de premi\u00e8re mise en circulation, si elle est d\u00e9j\u00e0 intervenue, doit \u00e9galement \u00eatre mentionn\u00e9e&nbsp;;<\/p>\n<p id=\"-_pour_les_bateaux,_la_long_0157\" align=\"JUSTIFY\">&#8211; pour les bateaux, la longueur, la vitesse maximale et, le cas \u00e9ch\u00e9ant, la puissance du ou des moteurs ainsi que la date du permis de navigation&nbsp;;<\/p>\n<p id=\"-_pour_les_aeronefs,_le_poi_0158\" align=\"JUSTIFY\">&#8211; pour les a\u00e9ronefs, le poids total au d\u00e9collage.<\/p>\n<p id=\"La_facture_doit_egalement_f_0159\" align=\"JUSTIFY\">La facture doit \u00e9galement faire appara\u00eetre, le cas \u00e9ch\u00e9ant, la date de la d\u00e9livrance du premier certificat de navigabilit\u00e9 ou du certificat de navigabilit\u00e9 export.<\/p>\n<\/td>\n<td style=\"width: 24.2546%;\">\n<p id=\"Livraison_de_moyens_de_tran_0160\" align=\"JUSTIFY\">Livraison de moyens de transport neufs exp\u00e9di\u00e9s ou transport\u00e9s sur le territoire d&#8217;un autre \u00c9tat membre de l&#8217;Union europ\u00e9enne.<\/p>\n<\/td>\n<td style=\"width: 25.5439%;\">\n<p id=\"Pour_les_livraisons_de_moye_0163\" align=\"JUSTIFY\">Pour les livraisons de moyens de transport effectu\u00e9es entre redevables habituels de la TVA, ces \u00e9l\u00e9ments d&#8217;identification des moyens de transport peuvent \u00eatre port\u00e9s sur des documents annexes \u00e0 la facture.<\/p>\n<\/td>\n<\/tr>\n<tr>\n<td style=\"width: 12.3288%;\">\n<p id=\"BOI-TVA-SECT-70-20_au_I-B_\u00a7_0164\" align=\"CENTER\"><a title=\"TVA - R\u00e9gimes sectoriels - Op\u00e9rations intracommunautaires portant sur les moyens de transport neufs - Livraison dans un autre \u00c9tat membre - 690-PGP\" href=\"https:\/\/bofip.impots.gouv.fr\/doctrine\/pgp\/690-PGP%2523Date_de_la_livraison_intrac_33\" rel=\"external\">BOI-TVA-SECT-70-20 au I-B \u00a7 100 \u00e0 110<\/a><\/p>\n<\/td>\n<td style=\"width: 26.5915%;\">\n<p id=\"Date_de_la_livraison_intrac_0165\" align=\"JUSTIFY\">Date de la livraison intracommunautaire.<\/p>\n<p id=\"Utilisation_qui_a_ete_faite_0166\" align=\"JUSTIFY\">Utilisation qui a \u00e9t\u00e9 faite du moyen de transport entre la date de la premi\u00e8re mise en service et celle de la livraison&nbsp;:<\/p>\n<p id=\"-_pour_les_vehicules_terres_0167\" align=\"JUSTIFY\">&#8211; pour les v\u00e9hicules terrestres \u00e0 moteur, la distance parcourue au jour de la livraison&nbsp;;<\/p>\n<p id=\"-_pour_les_bateaux,_le_nomb_0168\" align=\"JUSTIFY\">&#8211; pour les bateaux, le nombre d&#8217;heures de navigation effectu\u00e9es au jour de la livraison&nbsp;;<\/p>\n<p id=\"-_pour_les_aeronefs,_le_nom_0169\" align=\"JUSTIFY\">&#8211; pour les a\u00e9ronefs, le nombre d&#8217;heures de vol effectu\u00e9es au jour de la livraison.<\/p>\n<p id=\"Le_cas_echeant,_mention_sel_0170\" align=\"JUSTIFY\">Le cas \u00e9ch\u00e9ant, mention selon laquelle le bien n&#8217;a fait l&#8217;objet d&#8217;aucune utilisation.<\/p>\n<\/td>\n<td style=\"width: 24.2546%;\" rowspan=\"2\">\n<p id=\"Livraison_de_moyens_de_tran_0171\" align=\"JUSTIFY\">Livraison de moyens de transport neufs exp\u00e9di\u00e9s ou transport\u00e9s sur le territoire d&#8217;un autre \u00c9tat membre de l&#8217;Union europ\u00e9enne.<\/p>\n<\/td>\n<td style=\"width: 25.5439%;\" rowspan=\"2\">\n<p id=\"Non._0174\" align=\"CENTER\">Non.<\/p>\n<\/td>\n<\/tr>\n<tr>\n<td style=\"width: 12.3288%;\">\n<p id=\"BOI-TVA-SECT-70-20_au_I-B-6_0175\" align=\"CENTER\"><a title=\"TVA - R\u00e9gimes sectoriels - Op\u00e9rations intracommunautaires portant sur les moyens de transport neufs - Livraison dans un autre \u00c9tat membre - 690-PGP\" href=\"https:\/\/bofip.impots.gouv.fr\/doctrine\/pgp\/690-PGP%2523Prix_de_vente_du_moyen_de_t_35\" rel=\"external\">BOI-TVA-SECT-70-20 au I-B-6 \u00a7 120<\/a><\/p>\n<\/td>\n<td style=\"width: 26.5915%;\">\n<p id=\"La_mention&nbsp;:_\u00ab&nbsp;Exoneration__0176\" align=\"JUSTIFY\">La mention&nbsp;: <em>\u00ab&nbsp;Exon\u00e9ration de TVA, article 298 sexies du CGI&nbsp;\u00bb<\/em>.<\/p>\n<\/td>\n<\/tr>\n<tr>\n<td style=\"width: 12.3288%;\">\n<p id=\"BOI-TVA-SECT-90-50_au_V_\u00a7_3_0177\" align=\"CENTER\"><a title=\"TVA - R\u00e9gimes sectoriels - Biens d'occasion, \u0153uvres d'art, objets de collection et d'antiquit\u00e9 - Ventes aux ench\u00e8res publiques - 1290-PGP\" href=\"https:\/\/bofip.impots.gouv.fr\/doctrine\/pgp\/1290-PGP%2523Facturation%2B_15\" rel=\"external\">BOI-TVA-SECT-90-50 au V \u00a7 350 et suivants<\/a><\/p>\n<\/td>\n<td style=\"width: 26.5915%;\">\n<p id=\"Le_prix_dadjudication_du_bi_0178\" align=\"JUSTIFY\">Le prix d&#8217;adjudication du bien, les imp\u00f4ts, droits et pr\u00e9l\u00e8vements et taxes ainsi que les frais accessoires tels que les frais de commission, d&#8217;emballage, de transport et d&#8217;assurance demand\u00e9s par l&#8217;organisateur des ventes \u00e0 l&#8217;acheteur du bien.<\/p>\n<\/td>\n<td style=\"width: 24.2546%;\">\n<p id=\"Livraisons_aux_encheres_pub_0179\" align=\"CENTER\">Livraisons aux ench\u00e8res publiques.<\/p>\n<\/td>\n<td style=\"width: 25.5439%;\">\n<p id=\"Pour_la_livraison_du_commet_0182\" align=\"JUSTIFY\">Pour la livraison du commettant assujetti au profit de l&#8217;organisateur de la vente, il est admis que la facture soit constitu\u00e9e par le compte-rendu qui est obligatoirement remis par le commissaire-priseur \u00e0 son commettant.<\/p>\n<\/td>\n<\/tr>\n<tr>\n<td style=\"width: 12.3288%;\">\n<p id=\"BOI-TVA-DECLA-30-20-20-20_a_0183\" align=\"CENTER\"><a title=\"TVA - R\u00e9gimes d'imposition et obligations d\u00e9claratives et comptables - Obligations d'ordre comptable et relatives \u00e0 la facturation - R\u00e8gles relatives \u00e0 l'\u00e9tablissement des factures - Mentions \u00e0 porter sur les factures - Mesures de simplification - 142-PGP\" href=\"https:\/\/bofip.impots.gouv.fr\/doctrine\/pgp\/142-PGP%2523180_055\" rel=\"external\">BOI-TVA-DECLA-30-20-20-20 au V \u00a7 180 et suivants<\/a><\/p>\n<\/td>\n<td style=\"width: 26.5915%;\">\n<p id=\"En_cas_de_facture_rectifica_0184\" align=\"JUSTIFY\">En cas de facture rectificative&nbsp;:<\/p>\n<p id=\"Reference_exacte_a_la_factu_0185\" align=\"JUSTIFY\">R\u00e9f\u00e9rence exacte \u00e0 la facture initiale (date et num\u00e9ro) et mention expresse de l&#8217;annulation de celle-ci.<\/p>\n<\/td>\n<td style=\"width: 24.2546%;\">\n<p id=\"Operations_annulees_ou_resi_0186\" align=\"JUSTIFY\">Op\u00e9rations annul\u00e9es ou r\u00e9sili\u00e9es, rabais, ristournes, remises ou escomptes.<\/p>\n<\/td>\n<td style=\"width: 25.5439%;\">\n<p id=\"Note_davoir._0189\" align=\"CENTER\">Note d&#8217;avoir.<\/p>\n<\/td>\n<\/tr>\n<\/tbody>\n<\/table>\n<p style=\"text-align: justify;\">Les entreprises ne respectant pas les r\u00e8gles de facturation s&#8217;exposent aux amendes suivantes :<\/p>\n<ul>\n<li style=\"text-align: justify;\">une amende fiscale de 15 \u20ac par mention manquante ou inexacte. Toutefois le montant de l&#8217;amende ne peut exc\u00e9der le 1\/4 du montant de la facture.<\/li>\n<li style=\"text-align: justify;\">une amende administrative de 75 000 \u20ac pour une personne physique et 375 000 \u20ac pour une personne morale. Cette amende pouvant \u00eatre doubl\u00e9e en cas de r\u00e9it\u00e9ration de la faute dans un d\u00e9lai de 2 ans \u00e0 compter de la 1\u00e8re sanction.<\/li>\n<\/ul>\n<div id=\"sconnect-is-installed\" style=\"display: none; text-align: justify;\">2.13.0.0<\/div>\n<div id=\"sconnect-is-installed\" style=\"display: none;\">2.13.0.0<\/div>\n<div id=\"sconnect-is-installed\" style=\"display: none;\">2.13.0.0<\/div>\n<div id=\"sconnect-is-installed\" style=\"display: none;\">2.13.0.0<\/div>\n<div id=\"sconnect-is-installed\" style=\"display: none;\">2.13.0.0<\/div>\n<div id=\"sconnect-is-installed\" style=\"display: none;\">2.13.0.0<\/div>\n<div id=\"sconnect-is-installed\" style=\"display: none;\">2.13.0.0<\/div>\n<div style=\"padding-bottom:20px; padding-top:10px;\" class=\"hupso-share-buttons\"><!-- Hupso Share Buttons - https:\/\/www.hupso.com\/share\/ --><a class=\"hupso_counters\" href=\"https:\/\/www.hupso.com\/share\/\"><img decoding=\"async\" src=\"https:\/\/static.hupso.com\/share\/buttons\/lang\/fr\/share-small.png\" style=\"border:0px; padding-top:2px; float:left;\" alt=\"Share Button\"\/><\/a><script type=\"text\/javascript\">var hupso_services_c=new Array(\"twitter\",\"facebook_like\",\"facebook_send\",\"email\",\"print\",\"linkedin\");var hupso_counters_lang = \"fr_FR\";var hupso_image_folder_url = \"\";var hupso_twitter_via=\"BenoitRiviere14\";var hupso_url_c=\"\";var hupso_title_c=\"Facturation%20%3A%20r%C3%A9capitulation%20des%20mentions%20obligatoires\";<\/script><script type=\"text\/javascript\" src=\"https:\/\/static.hupso.com\/share\/js\/counters.js\"><\/script><!-- Hupso Share Buttons --><\/div>","protected":false},"excerpt":{"rendered":"<p>Une facture est une pi\u00e8ce comptable qui d\u00e9taille les marchandises vendues ou les prestations r\u00e9alis\u00e9es. Elle doit \u00eatre r\u00e9dig\u00e9e en langue fran\u00e7aise, \u00e9tablie en deux exemplaires dont l&#8217;original pour le client et comporter un certain nombre de mentions obligatoires. L&#8217;\u00e9mission de factures non conformes expose le contribuable \u00e0 des sanctions p\u00e9cuniaires. Les mentions obligatoires sont &#8230;<\/p>\n<p><a href=\"https:\/\/www.auditsi.eu\/?p=9870\" class=\"more-link\">Continue reading &lsquo;Facturation : r\u00e9capitulation des mentions obligatoires&rsquo; &raquo;<\/a><\/p>\n<div style=\"padding-bottom:20px; padding-top:10px;\" class=\"hupso-share-buttons\"><!-- Hupso Share Buttons - https:\/\/www.hupso.com\/share\/ --><a class=\"hupso_counters\" href=\"https:\/\/www.hupso.com\/share\/\"><img src=\"https:\/\/static.hupso.com\/share\/buttons\/lang\/fr\/share-small.png\" style=\"border:0px; padding-top:2px; float:left;\" alt=\"Share Button\"\/><\/a><script type=\"text\/javascript\">var hupso_services_c=new Array(\"twitter\",\"facebook_like\",\"facebook_send\",\"email\",\"print\",\"linkedin\");var hupso_counters_lang = \"fr_FR\";var hupso_image_folder_url = \"\";var hupso_twitter_via=\"BenoitRiviere14\";var hupso_url_c=\"\";var hupso_title_c=\"Facturation%20%3A%20r%C3%A9capitulation%20des%20mentions%20obligatoires\";<\/script><script type=\"text\/javascript\" src=\"https:\/\/static.hupso.com\/share\/js\/counters.js\"><\/script><!-- Hupso Share Buttons --><\/div>","protected":false},"author":1,"featured_media":0,"comment_status":"open","ping_status":"open","sticky":false,"template":"","format":"standard","meta":{"advanced_seo_description":"","jetpack_seo_html_title":"","jetpack_seo_noindex":false,"ngg_post_thumbnail":0,"_jetpack_memberships_contains_paid_content":false,"footnotes":"","_links_to":"","_links_to_target":""},"categories":[800,469],"tags":[67,2525,1176,1271],"class_list":["post-9870","post","type-post","status-publish","format-standard","hentry","category-cycle-fiscalite","category-reglementation-et-demarche-daudit","tag-facturation","tag-facture","tag-mentions-obligatoires-sur-les-factures","tag-tva"],"jetpack_featured_media_url":"","jetpack_sharing_enabled":true,"jetpack_likes_enabled":false,"_links":{"self":[{"href":"https:\/\/www.auditsi.eu\/index.php?rest_route=\/wp\/v2\/posts\/9870","targetHints":{"allow":["GET"]}}],"collection":[{"href":"https:\/\/www.auditsi.eu\/index.php?rest_route=\/wp\/v2\/posts"}],"about":[{"href":"https:\/\/www.auditsi.eu\/index.php?rest_route=\/wp\/v2\/types\/post"}],"author":[{"embeddable":true,"href":"https:\/\/www.auditsi.eu\/index.php?rest_route=\/wp\/v2\/users\/1"}],"replies":[{"embeddable":true,"href":"https:\/\/www.auditsi.eu\/index.php?rest_route=%2Fwp%2Fv2%2Fcomments&post=9870"}],"version-history":[{"count":6,"href":"https:\/\/www.auditsi.eu\/index.php?rest_route=\/wp\/v2\/posts\/9870\/revisions"}],"predecessor-version":[{"id":9876,"href":"https:\/\/www.auditsi.eu\/index.php?rest_route=\/wp\/v2\/posts\/9870\/revisions\/9876"}],"wp:attachment":[{"href":"https:\/\/www.auditsi.eu\/index.php?rest_route=%2Fwp%2Fv2%2Fmedia&parent=9870"}],"wp:term":[{"taxonomy":"category","embeddable":true,"href":"https:\/\/www.auditsi.eu\/index.php?rest_route=%2Fwp%2Fv2%2Fcategories&post=9870"},{"taxonomy":"post_tag","embeddable":true,"href":"https:\/\/www.auditsi.eu\/index.php?rest_route=%2Fwp%2Fv2%2Ftags&post=9870"}],"curies":[{"name":"wp","href":"https:\/\/api.w.org\/{rel}","templated":true}]}}