{"id":8944,"date":"2020-09-20T07:46:42","date_gmt":"2020-09-20T05:46:42","guid":{"rendered":"https:\/\/www.auditsi.eu\/?p=8944"},"modified":"2023-03-02T19:13:36","modified_gmt":"2023-03-02T18:13:36","slug":"participation-des-salaries-calcul-de-la-rsp-en-tenant-compte-du-forfait-social","status":"publish","type":"post","link":"https:\/\/www.auditsi.eu\/?p=8944","title":{"rendered":"Participation des salari\u00e9s : calcul de la RSP en tenant compte du forfait social"},"content":{"rendered":"<p style=\"text-align: justify;\">Jusqu&#8217;en 2007, le calcul de la RSP (r\u00e9serve sp\u00e9ciale de participation) \u00e9tait relativement simple. Depuis l&#8217;instauration du forfait social \u00e0 compter du 1er janvier 2008, le calcul de la RSP tient du casse-t\u00eate. En effet, si la RSP est r\u00e9int\u00e9gr\u00e9e fiscalement l&#8217;ann\u00e9e de sa comptabilisation et n&#8217;a de fait aucun impact sur le montant du r\u00e9sultat fiscal (qui sert de base au calcul de la RSP), il n&#8217;en est pas de m\u00eame pour le forfait social qui est d\u00e9ductible l&#8217;ann\u00e9e m\u00eame de sa comptabilisation. Cet \u00e9tat de fait introduit <strong>une inconnue dans le calcul de la RSP<\/strong> (puisque le r\u00e9sultat fiscal est impact\u00e9 par le forfait social&#8230; dont on ne conna\u00eet pas le montant). C&#8217;est ce que l&#8217;on appelle un &#8220;calcul en dedans&#8221;&#8230;<\/p>\n<p><a href=\"https:\/\/www.auditsi.eu\/?attachment_id=8945\" rel=\"attachment wp-att-8945\"><img loading=\"lazy\" decoding=\"async\" class=\"aligncenter size-full wp-image-8945\" src=\"https:\/\/www.auditsi.eu\/wp-content\/uploads\/2020\/07\/RSP-avec-forfait-social.png\" alt=\"RSP avec forfait social\" width=\"515\" height=\"468\" srcset=\"https:\/\/www.auditsi.eu\/wp-content\/uploads\/2020\/07\/RSP-avec-forfait-social.png 515w, https:\/\/www.auditsi.eu\/wp-content\/uploads\/2020\/07\/RSP-avec-forfait-social-300x273.png 300w\" sizes=\"auto, (max-width: 515px) 100vw, 515px\" \/><\/a><\/p>\n<p style=\"text-align: justify;\">Le forfait social, rappelons-le, est une contribution patronale qui frappe notamment les revenus exon\u00e9r\u00e9s de cotisations sociales, \u00e0 l&#8217;image de la participation des salari\u00e9s et de l&#8217;int\u00e9ressement (pour m\u00e9moire, son taux n&#8217;a cess\u00e9 de varier pour r\u00e9pondre \u00e0 l&#8217;app\u00e9tit fiscal de l&#8217;Etat : 2 % \u00e0 son instauration, 4 % en 2010, 6 % en 2011, 8 % du 1er janvier au 30 juillet 2012 puis 20 %).<\/p>\n<p style=\"text-align: justify;\">Pour calculer la RSP, il faut donc poser un syst\u00e8me d&#8217;\u00e9quations \u00e0 deux inconnues : le montant de la RSP et du forfait social. Sauf \u00e0 ressortir ses cours de <a href=\"https:\/\/www.auditsi.eu\/?page_id=3762\">math\u00e9matiques<\/a> du lyc\u00e9e, la r\u00e9solution d&#8217;\u00e9quations est un casse-t\u00eate&#8230; A premi\u00e8re vue, Excel ne sait pas r\u00e9soudre ce calcul ; il renvoie inexorablement un <strong>message d&#8217;erreur<\/strong> signalant la pr\u00e9sence de <strong>r\u00e9f\u00e9rences circulaires<\/strong> :<\/p>\n<p><a href=\"https:\/\/www.auditsi.eu\/?attachment_id=8946\" rel=\"attachment wp-att-8946\"><img loading=\"lazy\" decoding=\"async\" class=\"aligncenter size-full wp-image-8946\" src=\"https:\/\/www.auditsi.eu\/wp-content\/uploads\/2020\/07\/Excel-R\u00e9f\u00e9rences-circulaires.png\" alt=\"Excel - R\u00e9f\u00e9rences circulaires\" width=\"796\" height=\"121\" srcset=\"https:\/\/www.auditsi.eu\/wp-content\/uploads\/2020\/07\/Excel-R\u00e9f\u00e9rences-circulaires.png 796w, https:\/\/www.auditsi.eu\/wp-content\/uploads\/2020\/07\/Excel-R\u00e9f\u00e9rences-circulaires-300x46.png 300w, https:\/\/www.auditsi.eu\/wp-content\/uploads\/2020\/07\/Excel-R\u00e9f\u00e9rences-circulaires-768x117.png 768w, https:\/\/www.auditsi.eu\/wp-content\/uploads\/2020\/07\/Excel-R\u00e9f\u00e9rences-circulaires-730x111.png 730w\" sizes=\"auto, (max-width: 796px) 100vw, 796px\" \/><\/a><\/p>\n<p style=\"text-align: justify;\">Pour Excel, une r\u00e9f\u00e9rence circulaire est une formule de calcul qui comprend la cellule de destination du calcul. Le cas le plus fr\u00e9quent est la totalisation qui comprend la totalisation dans son r\u00e9sultat ; par exemple : A10 : = Somme(A1:A10). Dans cet exemple la cellule A10 doit contenir la somme de la plage A1 \u00e0 A10. Or, au moment o\u00f9 le calcul est lanc\u00e9, le contenu de la cellule A10 n&#8217;est pas connu&#8230; C&#8217;est une inconnue&#8230;<\/p>\n<p style=\"text-align: justify;\">Apr\u00e8s fermeture de la fen\u00eatre signalant l&#8217;erreur, le tableau de calcul prend la forme suivante :<\/p>\n<p><a href=\"https:\/\/www.auditsi.eu\/?attachment_id=8947\" rel=\"attachment wp-att-8947\"><img loading=\"lazy\" decoding=\"async\" class=\"aligncenter size-full wp-image-8947\" src=\"https:\/\/www.auditsi.eu\/wp-content\/uploads\/2020\/07\/RSP-R\u00e9f\u00e9rences-circulaires.png\" alt=\"RSP - R\u00e9f\u00e9rences circulaires\" width=\"532\" height=\"485\" srcset=\"https:\/\/www.auditsi.eu\/wp-content\/uploads\/2020\/07\/RSP-R\u00e9f\u00e9rences-circulaires.png 532w, https:\/\/www.auditsi.eu\/wp-content\/uploads\/2020\/07\/RSP-R\u00e9f\u00e9rences-circulaires-300x273.png 300w\" sizes=\"auto, (max-width: 532px) 100vw, 532px\" \/><\/a><\/p>\n<p style=\"text-align: justify;\">Les fl\u00e8ches bleues mat\u00e9rialisent les cellules concern\u00e9es par des inconnues.<\/p>\n<p style=\"text-align: justify;\">Fort heureusement, Excel pr\u00e9voit la r\u00e9solution de tels probl\u00e8mes de calcul sans pour autant d\u00e9ployer des talents de math\u00e9maticien ou d&#8217;informaticien.<\/p>\n<p style=\"text-align: justify;\">Pour ce faire, il faut se rendre dans le <strong>menu Fichier puis Options<\/strong>. Puis s\u00e9lectionner l&#8217;onglet Formules et cocher la case &#8220;Activer le <strong>calcul it\u00e9ratif<\/strong>&#8221; ; ne pas modifier les param\u00e8tres de calcul (Nb maximal d&#8217;it\u00e9rations et \u00e9cart maximal), ils conviennent g\u00e9n\u00e9ralement tel quel.<\/p>\n<p><a href=\"https:\/\/www.auditsi.eu\/?attachment_id=8948\" rel=\"attachment wp-att-8948\"><img loading=\"lazy\" decoding=\"async\" class=\"aligncenter size-full wp-image-8948\" src=\"https:\/\/www.auditsi.eu\/wp-content\/uploads\/2020\/07\/Excel-Calcul-it\u00e9ratif.png\" alt=\"Excel - Calcul it\u00e9ratif\" width=\"1260\" height=\"678\" srcset=\"https:\/\/www.auditsi.eu\/wp-content\/uploads\/2020\/07\/Excel-Calcul-it\u00e9ratif.png 1260w, https:\/\/www.auditsi.eu\/wp-content\/uploads\/2020\/07\/Excel-Calcul-it\u00e9ratif-300x161.png 300w, https:\/\/www.auditsi.eu\/wp-content\/uploads\/2020\/07\/Excel-Calcul-it\u00e9ratif-1024x551.png 1024w, https:\/\/www.auditsi.eu\/wp-content\/uploads\/2020\/07\/Excel-Calcul-it\u00e9ratif-768x413.png 768w, https:\/\/www.auditsi.eu\/wp-content\/uploads\/2020\/07\/Excel-Calcul-it\u00e9ratif-730x393.png 730w\" sizes=\"auto, (max-width: 1260px) 100vw, 1260px\" \/><\/a><\/p>\n<p style=\"text-align: justify;\">C&#8217;est le calcul it\u00e9ratif qui va r\u00e9soudre notre syst\u00e8me d&#8217;\u00e9quations \u00e0 inconnues. Le calcul it\u00e9ratif consiste \u00e0 recalculer successivement \u00e0 maintes reprises les inconnues par approximation jusqu&#8217;\u00e0 ce que les inconnues correspondent au syst\u00e8me d&#8217;\u00e9quations.<\/p>\n<p style=\"text-align: justify;\">Apr\u00e8s validation (bouton OK), Excel lance les calculs (dans cet exemple, le r\u00e9sultat du calcul est instantan\u00e9).<\/p>\n<p style=\"text-align: justify;\">Voil\u00e0 comment l&#8217;outil informatique r\u00e9pond simplement \u00e0 une des nombreuses tracasseries caus\u00e9es par le l\u00e9gislateur !<\/p>\n<p>Le classeur Excel est t\u00e9l\u00e9chargeable ci-apr\u00e8s.<\/p>\n<p style=\"text-align: justify;\"><em>Quelques rappels sur le calcul de la RSP :<\/em><\/p>\n<ul>\n<li style=\"text-align: justify;\"><em>Composant R : Le r\u00e9sultat fiscal \u00e0 retenir est celui figurant sur l&#8217;\u00e9tat 2058A (ou 2058A-bis en cas d&#8217;int\u00e9gration fiscale) ; les cr\u00e9dits d&#8217;imp\u00f4t ne doivent pas \u00eatre imput\u00e9s sur le montant de l&#8217;IS calcul\u00e9 (<a href=\"https:\/\/www.auditsi.eu\/?p=6796\">Arr\u00eat de la Cour de Cassation n\u00b0 14-23.888<\/a> du 10 janvier 2017) ; la transformation du CICE en all\u00e8gement de charges en 2019 a entra\u00een\u00e9 m\u00e9caniquement une augmentation de la RSP (l&#8217;all\u00e8gement de charges \u00e9tant imposable au contraire d&#8217;un cr\u00e9dit d&#8217;imp\u00f4t)<\/em><\/li>\n<li style=\"text-align: justify;\">5 % : \u00e0 proratiser en fonction de la dur\u00e9e de l&#8217;exercice<\/li>\n<\/ul>\n<p style=\"text-align: justify;\">RSP vers\u00e9e en 2020 au titre de 2019 et COVID-19 (ordonnance 2020-322 du 25 mars 2020) :<\/p>\n<p style=\"text-align: justify;\">Les entreprises dot\u00e9es d\u2019un dispositif d\u2019\u00e9pargne salariale ont la possibilit\u00e9 de reporter, \u00e0 titre exceptionnel, les dates limites du versement et de l\u2019affectation des primes d\u2019int\u00e9ressement et de participation jusqu\u2019au 31 d\u00e9cembre 2020 (au lieu du 1er juin 2020) pour une cl\u00f4ture d\u2019exercice \u00e0 fin d\u00e9cembre 2019. En cons\u00e9quence, les int\u00e9r\u00eats de retard pour les sommes vers\u00e9es \u00e0 compter du 1er jour du 6\u00e8me mois suivant la cl\u00f4ture de l\u2019exercice sont supprim\u00e9s.<\/p>\n<p style=\"text-align: justify;\">___<\/p>\n<p><span style=\"text-decoration: underline;\">Mise \u00e0 jour du 02\/03\/2023 :<\/span><\/p>\n<p>Pour calculer la RSP en ligne, rendez-vous ici : <a href=\"https:\/\/www.auditsi.eu\/?page_id=11096\">https:\/\/www.auditsi.eu\/?page_id=11096<\/a><\/p>\n<p style=\"text-align: justify;\"><span style=\"text-decoration: underline;\">Mise \u00e0 jour du 21\/09\/2020 :<\/span><\/p>\n<p style=\"text-align: justify;\">Une formule de calcul encore plus simple (si je puis dire) car sans probl\u00e8me de r\u00e9f\u00e9rence circulaire fournit le m\u00eame r\u00e9sultat :<\/p>\n<p style=\"text-align: center;\">S\/VA x (1\/2B &#8211; 2.5%C) \/ (1 + (0.5 x TxForfait social x S \/ VA x (1 &#8211; TxIS)))<\/p>\n<p style=\"text-align: justify;\">Merci \u00e0 Beno\u00eet D&#8217;Argentr\u00e9 pour cette information.<\/p>\n<p style=\"text-align: justify;\">___<\/p>\n<p style=\"text-align: justify;\">Approfondir le sujet : <a href=\"https:\/\/www.auditsi.eu\/?glossary=excel\">Tout savoir sur Excel<\/a> \/ <a title=\"S\u00e9rie d'articles Ma\u00eetriser Excel\" href=\"https:\/\/www.auditsi.eu\/?p=4475\">D\u00e9couvrir la s\u00e9rie d\u2019articles Ma\u00eetriser Excel<\/a><\/p>\n<div id=\"sconnect-is-installed\" style=\"display: none;\">2.13.0.0<\/div>\n<div style=\"padding-bottom:20px; padding-top:10px;\" class=\"hupso-share-buttons\"><!-- Hupso Share Buttons - https:\/\/www.hupso.com\/share\/ --><a class=\"hupso_counters\" href=\"https:\/\/www.hupso.com\/share\/\"><img decoding=\"async\" src=\"https:\/\/static.hupso.com\/share\/buttons\/lang\/fr\/share-small.png\" style=\"border:0px; padding-top:2px; float:left;\" alt=\"Share Button\"\/><\/a><script type=\"text\/javascript\">var hupso_services_c=new Array(\"twitter\",\"facebook_like\",\"facebook_send\",\"email\",\"print\",\"linkedin\");var hupso_counters_lang = \"fr_FR\";var hupso_image_folder_url = \"\";var hupso_twitter_via=\"BenoitRiviere14\";var hupso_url_c=\"\";var hupso_title_c=\"Participation%20des%20salari%C3%A9s%20%3A%20calcul%20de%20la%20RSP%20en%20tenant%20compte%20du%20forfait%20social\";<\/script><script type=\"text\/javascript\" src=\"https:\/\/static.hupso.com\/share\/js\/counters.js\"><\/script><!-- Hupso Share Buttons --><\/div>","protected":false},"excerpt":{"rendered":"<p>Jusqu&#8217;en 2007, le calcul de la RSP (r\u00e9serve sp\u00e9ciale de participation) \u00e9tait relativement simple. Depuis l&#8217;instauration du forfait social \u00e0 compter du 1er janvier 2008, le calcul de la RSP tient du casse-t\u00eate. En effet, si la RSP est r\u00e9int\u00e9gr\u00e9e fiscalement l&#8217;ann\u00e9e de sa comptabilisation et n&#8217;a de fait aucun impact sur le montant du &#8230;<\/p>\n<p><a href=\"https:\/\/www.auditsi.eu\/?p=8944\" class=\"more-link\">Continue reading &lsquo;Participation des salari\u00e9s : calcul de la RSP en tenant compte du forfait social&rsquo; &raquo;<\/a><\/p>\n<div style=\"padding-bottom:20px; padding-top:10px;\" class=\"hupso-share-buttons\"><!-- Hupso Share Buttons - https:\/\/www.hupso.com\/share\/ --><a class=\"hupso_counters\" href=\"https:\/\/www.hupso.com\/share\/\"><img src=\"https:\/\/static.hupso.com\/share\/buttons\/lang\/fr\/share-small.png\" style=\"border:0px; padding-top:2px; float:left;\" alt=\"Share Button\"\/><\/a><script type=\"text\/javascript\">var hupso_services_c=new Array(\"twitter\",\"facebook_like\",\"facebook_send\",\"email\",\"print\",\"linkedin\");var hupso_counters_lang = \"fr_FR\";var hupso_image_folder_url = \"\";var hupso_twitter_via=\"BenoitRiviere14\";var hupso_url_c=\"\";var hupso_title_c=\"Participation%20des%20salari%C3%A9s%20%3A%20calcul%20de%20la%20RSP%20en%20tenant%20compte%20du%20forfait%20social\";<\/script><script type=\"text\/javascript\" src=\"https:\/\/static.hupso.com\/share\/js\/counters.js\"><\/script><!-- Hupso Share Buttons --><\/div>","protected":false},"author":1,"featured_media":0,"comment_status":"open","ping_status":"open","sticky":false,"template":"","format":"standard","meta":{"advanced_seo_description":"","jetpack_seo_html_title":"","jetpack_seo_noindex":false,"ngg_post_thumbnail":0,"_jetpack_memberships_contains_paid_content":false,"footnotes":"","_links_to":"","_links_to_target":""},"categories":[7,508,48,1326],"tags":[1806,1807,2260,1800,2257,2258,1809,2262,1804,2259,1373,2261,2168,1799,2256,1805,1798],"class_list":["post-8944","post","type-post","status-publish","format-standard","hentry","category-breves","category-cycle-personnel","category-excel","category-maitriser-excel","tag-2058-a","tag-2058-abis","tag-calcul-iteratif","tag-credits-dimpot","tag-epargne-salariale","tag-equation","tag-forfait-social","tag-formul","tag-groupe-fiscal","tag-inconnue","tag-integration-fiscale","tag-iteration","tag-message-derreur","tag-participation-des-salaries","tag-references-circulaires","tag-resultat-fiscal","tag-rsp"],"jetpack_featured_media_url":"","jetpack_sharing_enabled":true,"jetpack_likes_enabled":false,"_links":{"self":[{"href":"https:\/\/www.auditsi.eu\/index.php?rest_route=\/wp\/v2\/posts\/8944","targetHints":{"allow":["GET"]}}],"collection":[{"href":"https:\/\/www.auditsi.eu\/index.php?rest_route=\/wp\/v2\/posts"}],"about":[{"href":"https:\/\/www.auditsi.eu\/index.php?rest_route=\/wp\/v2\/types\/post"}],"author":[{"embeddable":true,"href":"https:\/\/www.auditsi.eu\/index.php?rest_route=\/wp\/v2\/users\/1"}],"replies":[{"embeddable":true,"href":"https:\/\/www.auditsi.eu\/index.php?rest_route=%2Fwp%2Fv2%2Fcomments&post=8944"}],"version-history":[{"count":8,"href":"https:\/\/www.auditsi.eu\/index.php?rest_route=\/wp\/v2\/posts\/8944\/revisions"}],"predecessor-version":[{"id":8964,"href":"https:\/\/www.auditsi.eu\/index.php?rest_route=\/wp\/v2\/posts\/8944\/revisions\/8964"}],"wp:attachment":[{"href":"https:\/\/www.auditsi.eu\/index.php?rest_route=%2Fwp%2Fv2%2Fmedia&parent=8944"}],"wp:term":[{"taxonomy":"category","embeddable":true,"href":"https:\/\/www.auditsi.eu\/index.php?rest_route=%2Fwp%2Fv2%2Fcategories&post=8944"},{"taxonomy":"post_tag","embeddable":true,"href":"https:\/\/www.auditsi.eu\/index.php?rest_route=%2Fwp%2Fv2%2Ftags&post=8944"}],"curies":[{"name":"wp","href":"https:\/\/api.w.org\/{rel}","templated":true}]}}