{"id":7824,"date":"2019-01-06T22:42:18","date_gmt":"2019-01-06T21:42:18","guid":{"rendered":"https:\/\/www.auditsi.eu\/?p=7824"},"modified":"2019-01-06T23:06:03","modified_gmt":"2019-01-06T22:06:03","slug":"2019-apple-traverse-une-crise-encore","status":"publish","type":"post","link":"https:\/\/www.auditsi.eu\/?p=7824","title":{"rendered":"2019, Apple traverse une crise&#8230; Encore ?"},"content":{"rendered":"<p style=\"text-align: justify;\">Apr\u00e8s avoir franchi le cap de&nbsp;1000 milliards de dollars de capitalisation boursi\u00e8re en 2018 (contre 350 milliards sept ans plus t\u00f4t), Apple accuse depuis une chute de plus du tiers de son cours de bourse \u00e0 cause de la r\u00e9vision \u00e0 la baisse de ses pr\u00e9visions. L\u2019ensemble des places boursi\u00e8res mondiales, d\u00e9j\u00e0&nbsp;en pleine incertitude entre les bulles qui se reconstituent et Trump qui souffle le chaud et le froid sur le commerce&nbsp;international, flanchent. La confiance en l\u2019\u00e9conomie et dans les entreprises faiblit.<\/p>\n<p><a href=\"https:\/\/www.auditsi.eu\/?attachment_id=3654\" rel=\"attachment wp-att-3654\"><img loading=\"lazy\" decoding=\"async\" width=\"361\" height=\"411\" class=\"aligncenter size-full wp-image-3654\" alt=\"Logo Apple multicolore\" src=\"https:\/\/www.auditsi.eu\/wp-content\/uploads\/2013\/09\/Logo-Apple-multicolore.gif\"><\/a><\/p>\n<p style=\"text-align: justify;\">Mais pour Apple, ce n\u2019est qu\u2019une crise de plus\u2026 Cette soci\u00e9t\u00e9 quarantenaire en a vu d&#8217;autres. Apple a connu plusieurs crises qui toutes auraient pu lui \u00eatre fatales. Elitiste, produits haut de gamme, prix \u00e9lev\u00e9s, distribution s\u00e9lective&#8230; Victime de sa strat\u00e9gie \u00e0 contre courant du march\u00e9, elle a bien failli ne pas s&#8217;en relever. Et pourtant, elle s&#8217;en est toujours sorti !<\/p>\n<div id=\"attachment_7839\" style=\"width: 973px\" class=\"wp-caption aligncenter\"><a href=\"https:\/\/www.auditsi.eu\/?attachment_id=7839\" rel=\"attachment wp-att-7839\"><img loading=\"lazy\" decoding=\"async\" aria-describedby=\"caption-attachment-7839\" width=\"963\" height=\"465\" class=\"size-full wp-image-7839\" alt=\"Le cours de bourse d'Apple a fondu d'un tiers sur les trois derniers mois (contre seulement 13 % pour le Nasdaq)\" src=\"https:\/\/www.auditsi.eu\/wp-content\/uploads\/2019\/01\/Cours-de-bourse-Apple-d\u00e9but-2019.png\" srcset=\"https:\/\/www.auditsi.eu\/wp-content\/uploads\/2019\/01\/Cours-de-bourse-Apple-d\u00e9but-2019.png 963w, https:\/\/www.auditsi.eu\/wp-content\/uploads\/2019\/01\/Cours-de-bourse-Apple-d\u00e9but-2019-300x145.png 300w, https:\/\/www.auditsi.eu\/wp-content\/uploads\/2019\/01\/Cours-de-bourse-Apple-d\u00e9but-2019-768x371.png 768w, https:\/\/www.auditsi.eu\/wp-content\/uploads\/2019\/01\/Cours-de-bourse-Apple-d\u00e9but-2019-730x352.png 730w\" sizes=\"auto, (max-width: 963px) 100vw, 963px\" \/><\/a><p id=\"caption-attachment-7839\" class=\"wp-caption-text\">Le cours de bourse d&#8217;Apple a fondu d&#8217;un tiers sur les trois derniers mois (contre seulement 13 % pour le Nasdaq)<\/p><\/div>\n<p style=\"text-align: justify;\"><a title=\"Apple a croqu\u00e9 la pomme !\" href=\"http:\/\/www.auditsi.eu\/?page_id=3629\">Apple<\/a> a toujours \u00e9t\u00e9 au centre de l&#8217;innovation informatique d\u00e8s les ann\u00e9es 70.&nbsp;Son projet le plus connu \u00e9tant l\u2019APPLE I, con\u00e7u en 1976, selon la l\u00e9gende dans leur garage, par Steve WOZNIAK et Steve JOBS, fondateurs par la suite de Apple Computer. Environ 200 exemplaires de cette machines sont sortis de ce garage. En 1977, ils r\u00e9cidivent avec l\u2019Apple II. L\u2019<a title=\"L\u2019APPLE II\" href=\"http:\/\/www.auditsi.eu\/?page_id=5159\">Apple II<\/a>, commercialis\u00e9 sous diff\u00e9rentes versions de 1977 \u00e0 1988, est une machine embl\u00e9matique de la marque qui aura \u00e9quip\u00e9 largement les \u00e9coles am\u00e9ricaines, les entreprises et les foyers.<\/p>\n<div id=\"attachment_7847\" style=\"width: 598px\" class=\"wp-caption aligncenter\"><a href=\"https:\/\/www.auditsi.eu\/?attachment_id=7847\" rel=\"attachment wp-att-7847\"><img loading=\"lazy\" decoding=\"async\" aria-describedby=\"caption-attachment-7847\" width=\"588\" height=\"768\" class=\"size-full wp-image-7847\" alt=\"Apple IIe (1983) avec son double lecteur de disquette DUODISK\" src=\"https:\/\/www.auditsi.eu\/wp-content\/uploads\/2019\/01\/Apple-IIe-1983-avec-son-double-lecteur-de-disquette-DUODISK.png\" srcset=\"https:\/\/www.auditsi.eu\/wp-content\/uploads\/2019\/01\/Apple-IIe-1983-avec-son-double-lecteur-de-disquette-DUODISK.png 588w, https:\/\/www.auditsi.eu\/wp-content\/uploads\/2019\/01\/Apple-IIe-1983-avec-son-double-lecteur-de-disquette-DUODISK-230x300.png 230w\" sizes=\"auto, (max-width: 588px) 100vw, 588px\" \/><\/a><p id=\"caption-attachment-7847\" class=\"wp-caption-text\">Apple IIe (1983) avec son double lecteur de disquette DUODISK<\/p><\/div>\n<p style=\"text-align: justify;\">Au d\u00e9but des ann\u00e9es 80, Apple domine un march\u00e9 qu&#8217;elle a largement contribu\u00e9 \u00e0 cr\u00e9er. En 1981, Apple et Tandy tiennent chacun 21% du march\u00e9&nbsp;de <a href=\"https:\/\/www.auditsi.eu\/?page_id=2119\">l&#8217;informatique personnelle<\/a>, Commodore 12%, Atari 10%, IBM 7% et Texas Instruments 6%. Beaucoup ont depuis disparu ou abandonn\u00e9 la micro-informatique&#8230; Pas Apple, m\u00eame si cette activit\u00e9 est de loin minoritaire dans son activit\u00e9 actuelle, ses principaux revenus \u00e9tant tir\u00e9s de la vente de l&#8217;iPhone et des services li\u00e9s \u00e0 ce produit (App&nbsp;Store&#8230;).<\/p>\n<p style=\"text-align: justify;\">Toutefois, l\u2019histoire d\u2019Apple n\u2019a pas \u00e9t\u00e9 un long fleuve tranquille. Loin de l\u00e0. L\u2019intensification de la concurrence et le rythme des innovations ont mis \u00e0 mal beaucoup de constructeurs pionniers.&nbsp;D\u00e8s les&nbsp;ann\u00e9es 80, Apple s\u2019essouffle, ses produits ne se vendent plus aussi bien. En 1984, le principal produit d\u2019Apple \u00e0 l\u2019\u00e9poque, l\u2019Apple II, ne lui permet plus, malgr\u00e9 son succ\u00e8s commercial, de maintenir ses positions sur le march\u00e9 de la micro-informatique et le lancement rat\u00e9 de Lisa, une machine \u00e9litiste hors de prix, a plomb\u00e9 les comptes de la soci\u00e9t\u00e9. D&#8217;ann\u00e9e en ann\u00e9e, Apple perd des parts de march\u00e9&nbsp;; Apple vacille.<\/p>\n<div id=\"attachment_6181\" style=\"width: 775px\" class=\"wp-caption aligncenter\"><a href=\"https:\/\/www.auditsi.eu\/?attachment_id=6181\" rel=\"attachment wp-att-6181\"><img loading=\"lazy\" decoding=\"async\" aria-describedby=\"caption-attachment-6181\" width=\"765\" height=\"1024\" class=\"size-full wp-image-6181\" alt=\"Publicit\u00e9 pour l'APPLE IIc (1985)\" src=\"https:\/\/www.auditsi.eu\/wp-content\/uploads\/2013\/09\/Publicit\u00e9-APPLE-IIc-1985.jpg\" srcset=\"https:\/\/www.auditsi.eu\/wp-content\/uploads\/2013\/09\/Publicit\u00e9-APPLE-IIc-1985.jpg 765w, https:\/\/www.auditsi.eu\/wp-content\/uploads\/2013\/09\/Publicit\u00e9-APPLE-IIc-1985-224x300.jpg 224w, https:\/\/www.auditsi.eu\/wp-content\/uploads\/2013\/09\/Publicit\u00e9-APPLE-IIc-1985-730x977.jpg 730w\" sizes=\"auto, (max-width: 765px) 100vw, 765px\" \/><\/a><p id=\"caption-attachment-6181\" class=\"wp-caption-text\">Publicit\u00e9 pour l&#8217;APPLE IIc (1985)<\/p><\/div>\n<p style=\"text-align: justify;\">La restructuration est s\u00e9v\u00e8re. Apple coupe dans ses co\u00fbts, \u00e0 commencer par les charges de personnel, licenciant \u00e0 tour de bras, fermant des usines. L&#8217;ensemble du march\u00e9 est touch\u00e9 par cette crise. Apple semble plus durement touch\u00e9 du fait de sa strat\u00e9gie commerciale.<\/p>\n<div id=\"attachment_5323\" style=\"width: 650px\" class=\"wp-caption aligncenter\"><a href=\"https:\/\/www.auditsi.eu\/?attachment_id=5323\" rel=\"attachment wp-att-5323\"><img loading=\"lazy\" decoding=\"async\" aria-describedby=\"caption-attachment-5323\" width=\"640\" height=\"815\" class=\"size-full wp-image-5323\" alt=\"Malgr\u00e9 la r\u00e9duction des co\u00fbts, les licenciements et fermetures d'usines, les r\u00e9sultats d'Apple continuent de baisser (INFOWORLD, 24 juin 1985)\" src=\"https:\/\/www.auditsi.eu\/wp-content\/uploads\/2013\/09\/INFOWORLD-24-06-1985-REDUCTION-COUTS.png\" srcset=\"https:\/\/www.auditsi.eu\/wp-content\/uploads\/2013\/09\/INFOWORLD-24-06-1985-REDUCTION-COUTS.png 640w, https:\/\/www.auditsi.eu\/wp-content\/uploads\/2013\/09\/INFOWORLD-24-06-1985-REDUCTION-COUTS-235x300.png 235w\" sizes=\"auto, (max-width: 640px) 100vw, 640px\" \/><\/a><p id=\"caption-attachment-5323\" class=\"wp-caption-text\">Malgr\u00e9 la r\u00e9duction des co\u00fbts, les licenciements et fermetures d&#8217;usines, les r\u00e9sultats d&#8217;Apple continuent de baisser (INFOWORLD, 24 juin 1985)<\/p><\/div>\n<p style=\"text-align: justify;\">Apple sort&nbsp;alors un nouveau produit r\u00e9volutionnaire&nbsp;le 24 janvier 1984 : le <a title=\"En 1984 naissait le Macintosh !\" href=\"http:\/\/www.auditsi.eu\/?p=5558\">Macintosh<\/a> 128K (ou Mac pour les intimes). Apple mise tous ses espoirs de retour en gr\u00e2ce&nbsp;sur cette machine d&#8217;un nouveau genre. C\u2019est en grande pompe que la Mac 128K est pr\u00e9sent\u00e9 au grand public. D\u00e9j\u00e0 \u00e0 cette \u00e9poque, Steeve JOBS organisait des \u00e9v\u00e9nements (les fameuses <em>keynotes<\/em>). Cette pr\u00e9sentation est accompagn\u00e9e de la diffusion d\u2019un clip publicitaire \u00e0 sensation r\u00e9alis\u00e9 par Ridley Scott. Intitul\u00e9 \u201c1984\u201d, ce film est une merveille qui s\u2019inspire du roman de George Orwell (du m\u00eame nom, \u201c1984\u201d) et de son Big Brother. Ce film est remarquable sur un point au moins : le produit, le Mac, n\u2019y est m\u00eame pas visible.<\/p>\n<div id=\"attachment_5609\" style=\"width: 490px\" class=\"wp-caption aligncenter\"><a href=\"https:\/\/www.auditsi.eu\/?attachment_id=5609\" rel=\"attachment wp-att-5609\"><img loading=\"lazy\" decoding=\"async\" aria-describedby=\"caption-attachment-5609\" width=\"480\" height=\"536\" class=\"size-full wp-image-5609\" alt=\"L'Apple Macintosh 128K (1984)\" src=\"https:\/\/www.auditsi.eu\/wp-content\/uploads\/2014\/10\/LApple-Macintosh-128K-1984.png\" srcset=\"https:\/\/www.auditsi.eu\/wp-content\/uploads\/2014\/10\/LApple-Macintosh-128K-1984.png 480w, https:\/\/www.auditsi.eu\/wp-content\/uploads\/2014\/10\/LApple-Macintosh-128K-1984-268x300.png 268w\" sizes=\"auto, (max-width: 480px) 100vw, 480px\" \/><\/a><p id=\"caption-attachment-5609\" class=\"wp-caption-text\">L&#8217;Apple Macintosh 128K (1984)<\/p><\/div>\n<p style=\"text-align: justify;\">Ce produit r\u00e9pond \u00e0 une demande du march\u00e9 : le besoin d&#8217;une machine simple, accessible \u00e0 des utilisateurs n\u00e9ophyte en informatique. De ce point de vue, Apple a vu juste. Alors que l&#8217;utilisateur d&#8217;un IBM PC communiquait avec sa machine en tapant des lignes de commandes MS\/DOS, celui du Mac cliquait sur des ic\u00f4nes&#8230; bien plus ludique pour des utilisateurs non informaticiens&#8230; et avec une prise en main bien plus rapide.<\/p>\n<p>Le Mac est tellement r\u00e9volutionnaire que la souris est encore inconnue du grand public et que le terme ic\u00f4ne n&#8217;est pas encore invent\u00e9 (appel\u00e9e ici pictogramme) :<\/p>\n<div id=\"attachment_7855\" style=\"width: 410px\" class=\"wp-caption aligncenter\"><a href=\"https:\/\/www.auditsi.eu\/?attachment_id=7855\" rel=\"attachment wp-att-7855\"><img loading=\"lazy\" decoding=\"async\" aria-describedby=\"caption-attachment-7855\" width=\"400\" height=\"532\" class=\"size-full wp-image-7855\" alt=\"Macintosh : r\u00e9volutionnaire mais cher (SVM n\u00b0 23 12\/1985, p. 55)\" src=\"https:\/\/www.auditsi.eu\/wp-content\/uploads\/2019\/01\/Macintosh-r\u00e9volutionnaire-mais-cher-SVM-23-12-1985-p55.jpg\" srcset=\"https:\/\/www.auditsi.eu\/wp-content\/uploads\/2019\/01\/Macintosh-r\u00e9volutionnaire-mais-cher-SVM-23-12-1985-p55.jpg 400w, https:\/\/www.auditsi.eu\/wp-content\/uploads\/2019\/01\/Macintosh-r\u00e9volutionnaire-mais-cher-SVM-23-12-1985-p55-226x300.jpg 226w\" sizes=\"auto, (max-width: 400px) 100vw, 400px\" \/><\/a><p id=\"caption-attachment-7855\" class=\"wp-caption-text\">Macintosh : r\u00e9volutionnaire mais cher (SVM n\u00b0 23 12\/1985, p. 55)<\/p><\/div>\n<p style=\"text-align: justify;\">Avec son Macintosh, Apple a \u00e9t\u00e9 un pr\u00e9curseur dans les <a title=\"Syst\u00e8mes d'exploitation : de la console \u00e0 la fen\u00eatre\" href=\"http:\/\/www.auditsi.eu\/?page_id=2493\">interfaces graphiques<\/a>, a introduit l\u2019usage de la souris, les machines mono-blocs int\u00e9grant l\u2019\u00e9cran \u00e0 l&#8217;ordinateur proprement dit (limitant du coup les branchements et les c\u00e2bles). Le <em>design<\/em> tant de la machine que de ses interfaces est soign\u00e9.<\/p>\n<div id=\"attachment_5617\" style=\"width: 510px\" class=\"wp-caption aligncenter\"><a href=\"https:\/\/www.auditsi.eu\/?attachment_id=5617\" rel=\"attachment wp-att-5617\"><img loading=\"lazy\" decoding=\"async\" aria-describedby=\"caption-attachment-5617\" width=\"500\" height=\"335\" class=\"size-full wp-image-5617\" alt=\"L'interface graphique du Macintosh 128K : le Mac OS (1984)\" src=\"https:\/\/www.auditsi.eu\/wp-content\/uploads\/2014\/10\/Mac-OS-1984.jpg\" srcset=\"https:\/\/www.auditsi.eu\/wp-content\/uploads\/2014\/10\/Mac-OS-1984.jpg 500w, https:\/\/www.auditsi.eu\/wp-content\/uploads\/2014\/10\/Mac-OS-1984-300x201.jpg 300w\" sizes=\"auto, (max-width: 500px) 100vw, 500px\" \/><\/a><p id=\"caption-attachment-5617\" class=\"wp-caption-text\">L&#8217;interface graphique du Macintosh 128K : le Mac OS (1984)<\/p><\/div>\n<p style=\"text-align: justify;\">Malgr\u00e9 son succ\u00e8s commercial, le Mac ne permet pas \u00e0 Apple de redresser ni ses parts de march\u00e9 ni ses comptes suffisamment rapidement. Les investisseurs s&#8217;impatientent.<\/p>\n<div id=\"attachment_7854\" style=\"width: 963px\" class=\"wp-caption aligncenter\"><a href=\"https:\/\/www.auditsi.eu\/?attachment_id=7854\" rel=\"attachment wp-att-7854\"><img loading=\"lazy\" decoding=\"async\" aria-describedby=\"caption-attachment-7854\" width=\"953\" height=\"729\" class=\"size-full wp-image-7854\" alt=\"Evolution des chiffres d'affaires et b\u00e9n\u00e9fices entre 1984 et 1985 (SVM n\u00b0 23 12\/1985, p. 14)\" src=\"https:\/\/www.auditsi.eu\/wp-content\/uploads\/2019\/01\/Evolution-CA-et-b\u00e9n\u00e9fices-1984-85-SVM-23-12-1985-p14.jpg\" srcset=\"https:\/\/www.auditsi.eu\/wp-content\/uploads\/2019\/01\/Evolution-CA-et-b\u00e9n\u00e9fices-1984-85-SVM-23-12-1985-p14.jpg 953w, https:\/\/www.auditsi.eu\/wp-content\/uploads\/2019\/01\/Evolution-CA-et-b\u00e9n\u00e9fices-1984-85-SVM-23-12-1985-p14-300x229.jpg 300w, https:\/\/www.auditsi.eu\/wp-content\/uploads\/2019\/01\/Evolution-CA-et-b\u00e9n\u00e9fices-1984-85-SVM-23-12-1985-p14-768x587.jpg 768w, https:\/\/www.auditsi.eu\/wp-content\/uploads\/2019\/01\/Evolution-CA-et-b\u00e9n\u00e9fices-1984-85-SVM-23-12-1985-p14-730x558.jpg 730w\" sizes=\"auto, (max-width: 953px) 100vw, 953px\" \/><\/a><p id=\"caption-attachment-7854\" class=\"wp-caption-text\">Evolution des chiffres d&#8217;affaires et b\u00e9n\u00e9fices entre 1984 et 1985 (SVM n\u00b0 23 12\/1985, p. 14)<\/p><\/div>\n<p style=\"text-align: justify;\">Les t\u00eates tombent.&nbsp;Y compris&nbsp;celles des deux co-fondateurs,&nbsp;Steve JOBS et&nbsp;Steve WOSNIAK,&nbsp;en 1985.<\/p>\n<div id=\"attachment_6209\" style=\"width: 672px\" class=\"wp-caption aligncenter\"><a href=\"https:\/\/www.auditsi.eu\/?attachment_id=6209\" rel=\"attachment wp-att-6209\"><img loading=\"lazy\" decoding=\"async\" aria-describedby=\"caption-attachment-6209\" width=\"662\" height=\"708\" class=\"size-full wp-image-6209\" alt=\"JOBS-WOZNIAK : le divorce, SVM n\u00b0 15 (mard 1985), p. 21\" src=\"https:\/\/www.auditsi.eu\/wp-content\/uploads\/2013\/09\/JOBS-WOZNIAK-DIVORCE-SVM-15-03-1985-p21.jpg\" srcset=\"https:\/\/www.auditsi.eu\/wp-content\/uploads\/2013\/09\/JOBS-WOZNIAK-DIVORCE-SVM-15-03-1985-p21.jpg 662w, https:\/\/www.auditsi.eu\/wp-content\/uploads\/2013\/09\/JOBS-WOZNIAK-DIVORCE-SVM-15-03-1985-p21-281x300.jpg 281w\" sizes=\"auto, (max-width: 662px) 100vw, 662px\" \/><\/a><p id=\"caption-attachment-6209\" class=\"wp-caption-text\">JOBS-WOZNIAK : le divorce, SVM n\u00b0 15 (mars 1985), p. 21<\/p><\/div>\n<p>Une offre de No\u00ebl qui sent le sapin :<\/p>\n<div id=\"attachment_7853\" style=\"width: 507px\" class=\"wp-caption aligncenter\"><a href=\"https:\/\/www.auditsi.eu\/?attachment_id=7853\" rel=\"attachment wp-att-7853\"><img loading=\"lazy\" decoding=\"async\" aria-describedby=\"caption-attachment-7853\" width=\"497\" height=\"598\" class=\"size-full wp-image-7853\" alt=\"Le cadeau d'Apple (SVM n\u00b0 23 12\/1985, p. 14)\" src=\"https:\/\/www.auditsi.eu\/wp-content\/uploads\/2019\/01\/Le-cadeau-dApple-SVM-23-12-1985-p14.jpg\" srcset=\"https:\/\/www.auditsi.eu\/wp-content\/uploads\/2019\/01\/Le-cadeau-dApple-SVM-23-12-1985-p14.jpg 497w, https:\/\/www.auditsi.eu\/wp-content\/uploads\/2019\/01\/Le-cadeau-dApple-SVM-23-12-1985-p14-249x300.jpg 249w\" sizes=\"auto, (max-width: 497px) 100vw, 497px\" \/><\/a><p id=\"caption-attachment-7853\" class=\"wp-caption-text\">Le cadeau d&#8217;Apple (SVM n\u00b0 23 12\/1985, p. 14)<\/p><\/div>\n<p style=\"text-align: justify;\">Finalement, la soci\u00e9t\u00e9 remonte la pente et la fin des ann\u00e9es 80 est faste pour Apple.&nbsp;Toutefois, la marque \u00e0 la pomme pratique une politique commerciale \u00e9litiste qui a failli la perdre lorsque les prix de la concurrence directe (les compatibles PC) ont commenc\u00e9 \u00e0 baisser au tournant des ann\u00e9es 80\/90 creusant l\u2019\u00e9cart de prix. D\u2019autant que les PC ont entre temps gagn\u00e9 en ergonomie avec l\u2019arriv\u00e9e de Windows et de la souris\u2026 Apple a perdu son avance technologique et maintenu sa politique de prix \u00e9lev\u00e9s, pire, elle les a relev\u00e9s&#8230; entra\u00eenant un recul de ses ventes. Sans pour autant pr\u00e9senter de nouveaux produits justifiant cette strat\u00e9gie tarifaire.<\/p>\n<p style=\"text-align: justify;\">Steve JOBS est rappel\u00e9 \u00e0 la rescousse en 1997 et fait son grand retour en sauveur d&#8217;une compagnie \u00e0 l&#8217;agonie.<\/p>\n<p style=\"text-align: justify;\">C\u2019est au bord de la faillite qu\u2019Apple met sur le march\u00e9 l\u2019iMac G3 en ao\u00fbt 1998, un ordinateur mono-bloc tout en rondeur et en couleur. Avec son iMac, Apple&nbsp;rajeunit son Mac ; le iMac tranche avec le PC aux couleurs monochromes (gris ou blanc). En moins de 6 mois, Apple en \u00e9coule huit cents mille exemplaires, une r\u00e9ussite commerciale qui n\u2019est plus \u00e0 d\u00e9montrer et qui permet de relancer le constructeur.&nbsp;Cette nouvelle machine \u00e9pargne la faillite \u00e0 Apple.<\/p>\n<p style=\"text-align: justify;\">Depuis, la compagnie a cr\u00e9\u00e9 l&#8217;\u00e9v\u00e9nement avec l&#8217;iPhone en 2007 puis l&#8217;iPad en 2010&nbsp;;&nbsp;la tablette tactile est un produit innovateur&nbsp;qui a cr\u00e9\u00e9 un nouveau march\u00e9 (apr\u00e8s le lancement mitig\u00e9 de son Newton MessagePad 100, tablette avec stylet, en 1993, produit abandonn\u00e9 en 1998) ; de m\u00eame pour l&#8217;iPhone, produit qui a totalement r\u00e9invent\u00e9 le t\u00e9l\u00e9phone portable, dynamitant les constructeurs de l&#8217;\u00e9poque (Nokia et Motorola en t\u00eate) pour lesquels leurs produits semblent totalement d\u00e9pass\u00e9s \u00e0 cot\u00e9 d&#8217;un iPhone.<\/p>\n<p style=\"text-align: justify;\">Apple est un des rares constructeurs informatiques qui est parvenu \u00e0 traverser toutes les r\u00e9volutions de la micro-informatique.<\/p>\n<p style=\"text-align: justify;\">Apple a travers\u00e9 des moments difficiles mais&nbsp;a toujours \u00e9t\u00e9 en mesure de relever les d\u00e9fis&nbsp;en innovant, en devan\u00e7ant les besoins de ses clients&nbsp;: Macintosh, iMac, iPad, iPhone&#8230; des produits star clefs de sa r\u00e9ussite&#8230; tout en restant fid\u00e8le \u00e0 ses principe d&#8217;\u00e9litisme, de produits haut de gamme, de distribution s\u00e9lective&#8230; C&#8217;est finalement sa strat\u00e9gie commerciale qui l&#8217;a sauv\u00e9e ; alors que ces concurrents disparaissaient les uns apr\u00e8s les autres.<\/p>\n<p style=\"text-align: justify;\">Aujourd&#8217;hui, Apple semble parvenue \u00e0 un nouveau tournant de son histoire. Ses revenus proviennent principalement d&#8217;un produit unique, l&#8217;iPhone. Depuis la sortie de la premi\u00e8re version de l&#8217;iPhone, Apple s&#8217;est content\u00e9e de faire se succ\u00e9der les versions sans r\u00e9inventer son produit, \u00e0 l&#8217;image de l&#8217;APPLE II. Produit tr\u00e8s innovant en 2007 mais qui sur le march\u00e9 actuel a beaucoup de concurrents, aussi aboutis et moins chers.<\/p>\n<p style=\"text-align: justify;\">Cette d\u00e9pendance vis-\u00e0-vis d&#8217;un produit unique et \u00e0 bout de souffle, Apple l&#8217;a d\u00e9j\u00e0 v\u00e9cu dans le pass\u00e9. Et le r\u00e9veil a \u00e9t\u00e9 difficile. Apple doit se r\u00e9inventer, inventer un nouveau produit majeur. Comme elle l&#8217;a toujours fait. Apple ne serait-elle pas victime de sa strat\u00e9gie du toujours plus cher face \u00e0 une concurrence qui innove toujours plus et propose des prix plus abordables ? Est-ce justement cette strat\u00e9gie qui la sauvera ? Seul l&#8217;avenir nous le dira.<\/p>\n<p>Rappel de quelques produits majeurs d&#8217;Apple :<\/p>\n<ul>\n<li>Apple I en 1976 ;<\/li>\n<li><a href=\"https:\/\/www.auditsi.eu\/?page_id=5159\">Apple II<\/a> en 1977 ;<\/li>\n<li><a href=\"https:\/\/www.auditsi.eu\/?p=5558\">Macintosh<\/a> en 1984 ;<\/li>\n<li>iMac en 1998 ;<\/li>\n<li>iPhone en 2007 ;<\/li>\n<li>iPad, <a href=\"https:\/\/www.auditsi.eu\/?page_id=5594\">tablette tactile<\/a>&nbsp;en 2010.<\/li>\n<\/ul>\n<p>S\u00e9lection d\u2019articles sur le sujet :<\/p>\n<ul>\n<li>Apple : 23 septembre 1985, la fin d&#8217;une \u00e9poque, Science &amp; Vie Micro n\u00b0 22 (novembre 1985), p. 10&nbsp;: Steve JOBS d\u00e9missionne pour cr\u00e9er une soci\u00e9t\u00e9 concurrente d&#8217;Apple<\/li>\n<\/ul>\n<p><span style=\"font-size: 10pt;\"><em><span style=\"font-family: georgia,palatino,serif;\">Les photos d\u2019illustration sont issues de ma <\/span><a title=\"Ma collection\" href=\"http:\/\/www.auditsi.eu\/?page_id=1983\">collection personnelle<\/a><span style=\"font-family: Thread-000028bc-Id-0000001d;\">.<\/span><\/em><\/span><\/p>\n<p>Approfondir le sujet :<\/p>\n<ul>\n<li><a href=\"https:\/\/www.auditsi.eu\/?page_id=3629\">Apple a croqu\u00e9 la pomme !<\/a><\/li>\n<li><a href=\"https:\/\/www.auditsi.eu\/?page_id=5594\">La tablette tactile, une invention des ann\u00e9es 80<\/a><\/li>\n<li><a href=\"https:\/\/www.auditsi.eu\/?page_id=2119\">La micro-informatique des ann\u00e9es 80, l\u2019\u00e2ge d\u2019or de l\u2019informatique personnelle<\/a><\/li>\n<li><a title=\"Ma collection\" href=\"http:\/\/www.auditsi.eu\/?page_id=1983\">Ma collection<\/a> \/ <a title=\"Ma documentation\" href=\"http:\/\/www.auditsi.eu\/?page_id=3930\">Ma documentation<\/a> \/ <a title=\"Quelques id\u00e9es de lecture pour en savoir plus\" href=\"http:\/\/www.auditsi.eu\/?page_id=4631\">Quelques id\u00e9es de lecture<\/a><\/li>\n<li>Les technologies invent\u00e9es dans les ann\u00e9es 80 : <a href=\"https:\/\/www.auditsi.eu\/?p=6593\">la voiture autonome<\/a> \/ <a href=\"https:\/\/www.auditsi.eu\/?page_id=3291\">la smart watch<\/a> \/ <a href=\"https:\/\/www.auditsi.eu\/?page_id=5594\">la tablette<\/a><\/li>\n<\/ul>\n<div style=\"padding-bottom:20px; padding-top:10px;\" class=\"hupso-share-buttons\"><!-- Hupso Share Buttons - https:\/\/www.hupso.com\/share\/ --><a class=\"hupso_counters\" href=\"https:\/\/www.hupso.com\/share\/\"><img decoding=\"async\" src=\"https:\/\/static.hupso.com\/share\/buttons\/lang\/fr\/share-small.png\" style=\"border:0px; padding-top:2px; float:left;\" alt=\"Share Button\"\/><\/a><script type=\"text\/javascript\">var hupso_services_c=new Array(\"twitter\",\"facebook_like\",\"facebook_send\",\"email\",\"print\",\"linkedin\");var hupso_counters_lang = \"fr_FR\";var hupso_image_folder_url = \"\";var hupso_twitter_via=\"BenoitRiviere14\";var hupso_url_c=\"\";var hupso_title_c=\"2019%2C%20Apple%20traverse%20une%20crise...%20Encore%20%3F\";<\/script><script type=\"text\/javascript\" src=\"https:\/\/static.hupso.com\/share\/js\/counters.js\"><\/script><!-- Hupso Share Buttons --><\/div>","protected":false},"excerpt":{"rendered":"<p>Apr\u00e8s avoir franchi le cap de&nbsp;1000 milliards de dollars de capitalisation boursi\u00e8re en 2018 (contre 350 milliards sept ans plus t\u00f4t), Apple accuse depuis une chute de plus du tiers de son cours de bourse \u00e0 cause de la r\u00e9vision \u00e0 la baisse de ses pr\u00e9visions. L\u2019ensemble des places boursi\u00e8res mondiales, d\u00e9j\u00e0&nbsp;en pleine incertitude entre &#8230;<\/p>\n<p><a href=\"https:\/\/www.auditsi.eu\/?p=7824\" class=\"more-link\">Continue reading &lsquo;2019, Apple traverse une crise&#8230; Encore ?&rsquo; &raquo;<\/a><\/p>\n<div style=\"padding-bottom:20px; padding-top:10px;\" class=\"hupso-share-buttons\"><!-- Hupso Share Buttons - https:\/\/www.hupso.com\/share\/ --><a class=\"hupso_counters\" href=\"https:\/\/www.hupso.com\/share\/\"><img src=\"https:\/\/static.hupso.com\/share\/buttons\/lang\/fr\/share-small.png\" style=\"border:0px; padding-top:2px; float:left;\" alt=\"Share Button\"\/><\/a><script type=\"text\/javascript\">var hupso_services_c=new Array(\"twitter\",\"facebook_like\",\"facebook_send\",\"email\",\"print\",\"linkedin\");var hupso_counters_lang = \"fr_FR\";var hupso_image_folder_url = \"\";var hupso_twitter_via=\"BenoitRiviere14\";var hupso_url_c=\"\";var hupso_title_c=\"2019%2C%20Apple%20traverse%20une%20crise...%20Encore%20%3F\";<\/script><script type=\"text\/javascript\" src=\"https:\/\/static.hupso.com\/share\/js\/counters.js\"><\/script><!-- Hupso Share Buttons --><\/div>","protected":false},"author":1,"featured_media":0,"comment_status":"open","ping_status":"open","sticky":false,"template":"","format":"standard","meta":{"advanced_seo_description":"","jetpack_seo_html_title":"","jetpack_seo_noindex":false,"ngg_post_thumbnail":0,"_jetpack_memberships_contains_paid_content":false,"footnotes":"","_links_to":"","_links_to_target":""},"categories":[1118],"tags":[1994,603,884,1555,767,1552,501,1997,1554,1551,768,1123,1996,1733,1553,1995,614,496],"class_list":["post-7824","post","type-post","status-publish","format-standard","hentry","category-histoire-de-linformatique","tag-annees-80","tag-apple","tag-ibm-pc","tag-imac","tag-innovation","tag-interface-graphique","tag-iphone","tag-keynote","tag-mac","tag-macintosh","tag-micro-informatique","tag-micro-ordinateur","tag-politique-commerciale","tag-restructuration","tag-souris","tag-steve-jobs","tag-strategie","tag-tablettes"],"jetpack_featured_media_url":"","jetpack_sharing_enabled":true,"jetpack_likes_enabled":false,"_links":{"self":[{"href":"https:\/\/www.auditsi.eu\/index.php?rest_route=\/wp\/v2\/posts\/7824","targetHints":{"allow":["GET"]}}],"collection":[{"href":"https:\/\/www.auditsi.eu\/index.php?rest_route=\/wp\/v2\/posts"}],"about":[{"href":"https:\/\/www.auditsi.eu\/index.php?rest_route=\/wp\/v2\/types\/post"}],"author":[{"embeddable":true,"href":"https:\/\/www.auditsi.eu\/index.php?rest_route=\/wp\/v2\/users\/1"}],"replies":[{"embeddable":true,"href":"https:\/\/www.auditsi.eu\/index.php?rest_route=%2Fwp%2Fv2%2Fcomments&post=7824"}],"version-history":[{"count":15,"href":"https:\/\/www.auditsi.eu\/index.php?rest_route=\/wp\/v2\/posts\/7824\/revisions"}],"predecessor-version":[{"id":7864,"href":"https:\/\/www.auditsi.eu\/index.php?rest_route=\/wp\/v2\/posts\/7824\/revisions\/7864"}],"wp:attachment":[{"href":"https:\/\/www.auditsi.eu\/index.php?rest_route=%2Fwp%2Fv2%2Fmedia&parent=7824"}],"wp:term":[{"taxonomy":"category","embeddable":true,"href":"https:\/\/www.auditsi.eu\/index.php?rest_route=%2Fwp%2Fv2%2Fcategories&post=7824"},{"taxonomy":"post_tag","embeddable":true,"href":"https:\/\/www.auditsi.eu\/index.php?rest_route=%2Fwp%2Fv2%2Ftags&post=7824"}],"curies":[{"name":"wp","href":"https:\/\/api.w.org\/{rel}","templated":true}]}}