{"id":72,"date":"2008-12-18T22:50:54","date_gmt":"2008-12-18T21:50:54","guid":{"rendered":"http:\/\/www.auditsi.eu\/?p=72"},"modified":"2011-09-20T13:22:21","modified_gmt":"2011-09-20T11:22:21","slug":"crise-financiereeconomique-et-mission-d%e2%80%99audit-legal","status":"publish","type":"post","link":"https:\/\/www.auditsi.eu\/?p=72","title":{"rendered":"Crise financi\u00e8re\/\u00e9conomique et mission d\u2019audit l\u00e9gal"},"content":{"rendered":"<p style=\"text-align: justify;\">La crise financi\u00e8re d\u00e9g\u00e9n\u00e8re en crise \u00e9conomique. Beaucoup d&#8217;entreprises commencent \u00e0 en sentir les effets notamment sur les carnets de commande. Les effets de la crise vont in\u00e9vitablement peser sur les r\u00e9sultats et la pr\u00e9sentation des comptes annuels. Les commissaires aux comptes devront \u00eatre vigilants sur les principes comptables utilis\u00e9s par les entreprises et la permanence des m\u00e9thodes N \/N-1. Nul doute que les directions comptables feront preuve d&#8217;inventivit\u00e9 pour afficher les r\u00e9sultats les meilleurs. Aux auditeurs et commissaires aux comptes de faire preuve de la m\u00eame perspicacit\u00e9 et inventivit\u00e9 dans leur d\u00e9marche d&#8217;audit.<\/p>\n<div style=\"padding-bottom:20px; padding-top:10px;\" class=\"hupso-share-buttons\"><!-- Hupso Share Buttons - https:\/\/www.hupso.com\/share\/ --><a class=\"hupso_counters\" href=\"https:\/\/www.hupso.com\/share\/\"><img decoding=\"async\" src=\"https:\/\/static.hupso.com\/share\/buttons\/lang\/fr\/share-small.png\" style=\"border:0px; padding-top:2px; float:left;\" alt=\"Share Button\"\/><\/a><script type=\"text\/javascript\">var hupso_services_c=new Array(\"twitter\",\"facebook_like\",\"facebook_send\",\"email\",\"print\",\"linkedin\");var hupso_counters_lang = \"fr_FR\";var hupso_image_folder_url = \"\";var hupso_twitter_via=\"BenoitRiviere14\";var hupso_url_c=\"\";var hupso_title_c=\"Crise%20financi%C3%A8re%2F%C3%A9conomique%20et%20mission%20d%E2%80%99audit%20l%C3%A9gal\";<\/script><script type=\"text\/javascript\" src=\"https:\/\/static.hupso.com\/share\/js\/counters.js\"><\/script><!-- Hupso Share Buttons --><\/div>","protected":false},"excerpt":{"rendered":"<p>La crise financi\u00e8re d\u00e9g\u00e9n\u00e8re en crise \u00e9conomique. Beaucoup d&#8217;entreprises commencent \u00e0 en sentir les effets notamment sur les carnets de commande. Les effets de la crise vont in\u00e9vitablement peser sur les r\u00e9sultats et la pr\u00e9sentation des comptes annuels. Les commissaires aux comptes devront \u00eatre vigilants sur les principes comptables utilis\u00e9s par les entreprises et la &#8230;<\/p>\n<p><a href=\"https:\/\/www.auditsi.eu\/?p=72\" class=\"more-link\">Continue reading &lsquo;Crise financi\u00e8re\/\u00e9conomique et mission d\u2019audit l\u00e9gal&rsquo; &raquo;<\/a><\/p>\n<div style=\"padding-bottom:20px; padding-top:10px;\" class=\"hupso-share-buttons\"><!-- Hupso Share Buttons - https:\/\/www.hupso.com\/share\/ --><a class=\"hupso_counters\" href=\"https:\/\/www.hupso.com\/share\/\"><img src=\"https:\/\/static.hupso.com\/share\/buttons\/lang\/fr\/share-small.png\" style=\"border:0px; padding-top:2px; float:left;\" alt=\"Share Button\"\/><\/a><script type=\"text\/javascript\">var hupso_services_c=new Array(\"twitter\",\"facebook_like\",\"facebook_send\",\"email\",\"print\",\"linkedin\");var hupso_counters_lang = \"fr_FR\";var hupso_image_folder_url = \"\";var hupso_twitter_via=\"BenoitRiviere14\";var hupso_url_c=\"\";var hupso_title_c=\"Crise%20financi%C3%A8re%2F%C3%A9conomique%20et%20mission%20d%E2%80%99audit%20l%C3%A9gal\";<\/script><script type=\"text\/javascript\" src=\"https:\/\/static.hupso.com\/share\/js\/counters.js\"><\/script><!-- Hupso Share Buttons --><\/div>","protected":false},"author":1,"featured_media":0,"comment_status":"open","ping_status":"open","sticky":false,"template":"","format":"standard","meta":{"advanced_seo_description":"","jetpack_seo_html_title":"","jetpack_seo_noindex":false,"ngg_post_thumbnail":0,"_jetpack_memberships_contains_paid_content":false,"footnotes":"","_links_to":"","_links_to_target":""},"categories":[7,6],"tags":[16,17,13,19],"class_list":["post-72","post","type-post","status-publish","format-standard","hentry","category-breves","category-mission-du-commissaire-aux-comptes","tag-crise-financiere","tag-demarche-daudit","tag-lsf","tag-presentation-des-comptes"],"jetpack_featured_media_url":"","jetpack_sharing_enabled":true,"jetpack_likes_enabled":false,"_links":{"self":[{"href":"https:\/\/www.auditsi.eu\/index.php?rest_route=\/wp\/v2\/posts\/72","targetHints":{"allow":["GET"]}}],"collection":[{"href":"https:\/\/www.auditsi.eu\/index.php?rest_route=\/wp\/v2\/posts"}],"about":[{"href":"https:\/\/www.auditsi.eu\/index.php?rest_route=\/wp\/v2\/types\/post"}],"author":[{"embeddable":true,"href":"https:\/\/www.auditsi.eu\/index.php?rest_route=\/wp\/v2\/users\/1"}],"replies":[{"embeddable":true,"href":"https:\/\/www.auditsi.eu\/index.php?rest_route=%2Fwp%2Fv2%2Fcomments&post=72"}],"version-history":[{"count":0,"href":"https:\/\/www.auditsi.eu\/index.php?rest_route=\/wp\/v2\/posts\/72\/revisions"}],"wp:attachment":[{"href":"https:\/\/www.auditsi.eu\/index.php?rest_route=%2Fwp%2Fv2%2Fmedia&parent=72"}],"wp:term":[{"taxonomy":"category","embeddable":true,"href":"https:\/\/www.auditsi.eu\/index.php?rest_route=%2Fwp%2Fv2%2Fcategories&post=72"},{"taxonomy":"post_tag","embeddable":true,"href":"https:\/\/www.auditsi.eu\/index.php?rest_route=%2Fwp%2Fv2%2Ftags&post=72"}],"curies":[{"name":"wp","href":"https:\/\/api.w.org\/{rel}","templated":true}]}}