{"id":6044,"date":"2015-06-09T22:57:00","date_gmt":"2015-06-09T20:57:00","guid":{"rendered":"http:\/\/www.auditsi.eu\/?p=6044"},"modified":"2015-06-09T22:57:00","modified_gmt":"2015-06-09T20:57:00","slug":"les-nouveautes-de-lannexe-des-comptes-annuels-le-reglement-anc-2014-03-et-le-credit-dimpot-competitivite-emploi","status":"publish","type":"post","link":"https:\/\/www.auditsi.eu\/?p=6044","title":{"rendered":"Les nouveaut\u00e9s de l&#8217;annexe des comptes annuels : le r\u00e8glement ANC 2014-03 et le Cr\u00e9dit d&#8217;Imp\u00f4t Comp\u00e9titivit\u00e9-Emploi"},"content":{"rendered":"<p style=\"text-align: justify;\">L&#8217;annexe des comptes annuels d\u00e9taille les conventions comptables qui ont \u00e9t\u00e9 utilis\u00e9es pour \u00e9tablir les comptes annuels (r\u00e8gles et m\u00e9thodes comptables), les \u00e9ventuels changements par rapport \u00e0 l&#8217;exercice pr\u00e9c\u00e9dent (changements de m\u00e9thodes, corrections d&#8217;erreurs, \u00e9v\u00e9nements&#8230;) et toutes autres informations significatives susceptibles d&#8217;\u00e9clairer le lecteur des comptes dans ses prises de d\u00e9cisions.<\/p>\n<p style=\"text-align: justify;\">Pour 2015, l&#8217;annexe des comptes annuels est impact\u00e9e par deux textes r\u00e9glementaires : l&#8217;application du nouveau r\u00e8glement ANC 2014-03 et les mentions relatives au Cr\u00e9dit d&#8217;Imp\u00f4t Comp\u00e9titivit\u00e9-Emploi (CICE).<\/p>\n<ul>\n<li style=\"text-align: justify;\">Le <a href=\"http:\/\/www.auditsi.eu\/?p=5512\">r\u00e8glement ANC 2014-03<\/a> relatif au Plan comptable g\u00e9n\u00e9ral 2014 s&#8217;est substitu\u00e9 au r\u00e8glement CRC 99-03 lors de sa publication au Journal Officiel le 15 octobre 2014. Si le Plan comptable g\u00e9n\u00e9ral 2014 n&#8217;est qu&#8217;une refonte de l&#8217;organisation des textes comptables, l&#8217;annexe des comptes annuels ne doit plus faire r\u00e9f\u00e9rence au r\u00e8glement CNC 99-03 ; ainsi, l&#8217;annexe pourra mentionner &#8220;<em>Les comptes ont \u00e9t\u00e9 pr\u00e9par\u00e9s conform\u00e9ment au r\u00e8glement de l\u2019Autorit\u00e9 des Normes Comptables n\u00b02014-03 du 5 juin 2014<\/em>&#8220;. L&#8217;annexe des <a href=\"http:\/\/www.auditsi.eu\/?cat=324\">comptes consolid\u00e9s<\/a> n&#8217;est pas impact\u00e9e par ce changement, le <a href=\"http:\/\/www.auditsi.eu\/?tag=crc-99-02\">r\u00e8glement CRC 99-02<\/a> (normes fran\u00e7aises) \u00e9tant toujours en vigueur.<\/li>\n<li style=\"text-align: justify;\">Le <a href=\"http:\/\/www.auditsi.eu\/?tag=cice\">CICE<\/a> a \u00e9t\u00e9 institu\u00e9 \u00e0 compter des r\u00e9mun\u00e9rations vers\u00e9es en 2013 (Art. 66 de la 3\u00e8me loi de finances rectificative pour 2012 n\u00b0 2012-1510 du 29 d\u00e9cembre 2012) pour \u00ab<em>redonner aux entreprises les moyens de leur comp\u00e9titiv<\/em><em>it\u00e9 [&#8230;] Le CICE<\/em><em> doit permettre aux ent<\/em><em>reprises d\u2019embaucher, d\u2019investir et de<\/em> <em>gagner des parts de march\u00e9<\/em>\u00bb. L&#8217;annexe des comptes 2013 mentionnait l&#8217;option de comptabilisation retenue soit dans un compte d&#8217;imp\u00f4t sur les soci\u00e9t\u00e9s (69x) soit en moins des charges de personnel (64x). En effet, l\u2019ANC a publi\u00e9 une note d\u2019information dat\u00e9e du 28 f\u00e9vrier 2013 dans laquelle elle pr\u00e9cise qu&#8217; \u00ab <em>en raison de l\u2019objectif poursuivi par le l\u00e9gislateur de permettre la diminution des charges de personnel par le CICE, sa comptabilisation, dans les comptes individuels, au cr\u00e9dit d\u2019un sous-compte d\u00e9di\u00e9 du compte 64 \u00ab Charges de personnel \u00bb, est justifi\u00e9e<\/em> \u00bb. L&#8217;annexe des comptes annuels 2014 doit, en plus, mentionner l&#8217;utilisation que l&#8217;entreprise a fait du CICE : investissement, formation, embauche, prospection de nouveaux march\u00e9s, reconstitution du fonds de roulement&#8230; (rappelons que le CICE ne doit pas servir \u00e0 augmenter les dividendes ou la r\u00e9mun\u00e9ration des dirigeants). L&#8217;annexe des comptes consolid\u00e9s donne \u00e9galement des informations sur la comptabilisation et le montant du CICE.<\/li>\n<\/ul>\n<p>A titre subsidiaire, le lecteur trouvera ci-apr\u00e8s en t\u00e9l\u00e9chargement le guide de l&#8217;annexe \u00e9dit\u00e9 en 2007 par l&#8217;IFEC.<\/p>\n<div style=\"padding-bottom:20px; padding-top:10px;\" class=\"hupso-share-buttons\"><!-- Hupso Share Buttons - https:\/\/www.hupso.com\/share\/ --><a class=\"hupso_counters\" href=\"https:\/\/www.hupso.com\/share\/\"><img decoding=\"async\" src=\"https:\/\/static.hupso.com\/share\/buttons\/lang\/fr\/share-small.png\" style=\"border:0px; padding-top:2px; float:left;\" alt=\"Share Button\"\/><\/a><script type=\"text\/javascript\">var hupso_services_c=new Array(\"twitter\",\"facebook_like\",\"facebook_send\",\"email\",\"print\",\"linkedin\");var hupso_counters_lang = \"fr_FR\";var hupso_image_folder_url = \"\";var hupso_twitter_via=\"BenoitRiviere14\";var hupso_url_c=\"\";var hupso_title_c=\"Les%20nouveaut%C3%A9s%20de%20l%27annexe%20des%20comptes%20annuels%20%3A%20le%20r%C3%A8glement%20ANC%202014-03%20et%20le%20Cr%C3%A9dit%20d%27Imp%C3%B4t%20Comp%C3%A9titivit%C3%A9-Emploi\";<\/script><script type=\"text\/javascript\" src=\"https:\/\/static.hupso.com\/share\/js\/counters.js\"><\/script><!-- Hupso Share Buttons --><\/div>","protected":false},"excerpt":{"rendered":"<p>L&#8217;annexe des comptes annuels d\u00e9taille les conventions comptables qui ont \u00e9t\u00e9 utilis\u00e9es pour \u00e9tablir les comptes annuels (r\u00e8gles et m\u00e9thodes comptables), les \u00e9ventuels changements par rapport \u00e0 l&#8217;exercice pr\u00e9c\u00e9dent (changements de m\u00e9thodes, corrections d&#8217;erreurs, \u00e9v\u00e9nements&#8230;) et toutes autres informations significatives susceptibles d&#8217;\u00e9clairer le lecteur des comptes dans ses prises de d\u00e9cisions. Pour 2015, l&#8217;annexe des &#8230;<\/p>\n<p><a href=\"https:\/\/www.auditsi.eu\/?p=6044\" class=\"more-link\">Continue reading &lsquo;Les nouveaut\u00e9s de l&#8217;annexe des comptes annuels : le r\u00e8glement ANC 2014-03 et le Cr\u00e9dit d&#8217;Imp\u00f4t Comp\u00e9titivit\u00e9-Emploi&rsquo; &raquo;<\/a><\/p>\n<div style=\"padding-bottom:20px; padding-top:10px;\" class=\"hupso-share-buttons\"><!-- Hupso Share Buttons - https:\/\/www.hupso.com\/share\/ --><a class=\"hupso_counters\" href=\"https:\/\/www.hupso.com\/share\/\"><img src=\"https:\/\/static.hupso.com\/share\/buttons\/lang\/fr\/share-small.png\" style=\"border:0px; padding-top:2px; float:left;\" alt=\"Share Button\"\/><\/a><script type=\"text\/javascript\">var hupso_services_c=new Array(\"twitter\",\"facebook_like\",\"facebook_send\",\"email\",\"print\",\"linkedin\");var hupso_counters_lang = \"fr_FR\";var hupso_image_folder_url = \"\";var hupso_twitter_via=\"BenoitRiviere14\";var hupso_url_c=\"\";var hupso_title_c=\"Les%20nouveaut%C3%A9s%20de%20l%27annexe%20des%20comptes%20annuels%20%3A%20le%20r%C3%A8glement%20ANC%202014-03%20et%20le%20Cr%C3%A9dit%20d%27Imp%C3%B4t%20Comp%C3%A9titivit%C3%A9-Emploi\";<\/script><script type=\"text\/javascript\" src=\"https:\/\/static.hupso.com\/share\/js\/counters.js\"><\/script><!-- Hupso Share Buttons --><\/div>","protected":false},"author":1,"featured_media":0,"comment_status":"open","ping_status":"open","sticky":false,"template":"","format":"standard","meta":{"advanced_seo_description":"","jetpack_seo_html_title":"","jetpack_seo_noindex":false,"ngg_post_thumbnail":0,"_jetpack_memberships_contains_paid_content":false,"footnotes":"","_links_to":"","_links_to_target":""},"categories":[7,717],"tags":[1386,1592,1591,1167,1549,1362,1593,1369],"class_list":["post-6044","post","type-post","status-publish","format-standard","hentry","category-breves","category-comptes-annuels","tag-anc","tag-anc-2014-03","tag-annexe-des-comptes-annuels","tag-cice","tag-crc-99-02","tag-crc-99-03","tag-credit-dimpot-competitivite-emploi","tag-plan-comptable-general"],"jetpack_featured_media_url":"","jetpack_sharing_enabled":true,"jetpack_likes_enabled":false,"_links":{"self":[{"href":"https:\/\/www.auditsi.eu\/index.php?rest_route=\/wp\/v2\/posts\/6044","targetHints":{"allow":["GET"]}}],"collection":[{"href":"https:\/\/www.auditsi.eu\/index.php?rest_route=\/wp\/v2\/posts"}],"about":[{"href":"https:\/\/www.auditsi.eu\/index.php?rest_route=\/wp\/v2\/types\/post"}],"author":[{"embeddable":true,"href":"https:\/\/www.auditsi.eu\/index.php?rest_route=\/wp\/v2\/users\/1"}],"replies":[{"embeddable":true,"href":"https:\/\/www.auditsi.eu\/index.php?rest_route=%2Fwp%2Fv2%2Fcomments&post=6044"}],"version-history":[{"count":6,"href":"https:\/\/www.auditsi.eu\/index.php?rest_route=\/wp\/v2\/posts\/6044\/revisions"}],"predecessor-version":[{"id":6050,"href":"https:\/\/www.auditsi.eu\/index.php?rest_route=\/wp\/v2\/posts\/6044\/revisions\/6050"}],"wp:attachment":[{"href":"https:\/\/www.auditsi.eu\/index.php?rest_route=%2Fwp%2Fv2%2Fmedia&parent=6044"}],"wp:term":[{"taxonomy":"category","embeddable":true,"href":"https:\/\/www.auditsi.eu\/index.php?rest_route=%2Fwp%2Fv2%2Fcategories&post=6044"},{"taxonomy":"post_tag","embeddable":true,"href":"https:\/\/www.auditsi.eu\/index.php?rest_route=%2Fwp%2Fv2%2Ftags&post=6044"}],"curies":[{"name":"wp","href":"https:\/\/api.w.org\/{rel}","templated":true}]}}