{"id":5474,"date":"2014-10-27T09:56:21","date_gmt":"2014-10-27T07:56:21","guid":{"rendered":"http:\/\/www.auditsi.eu\/?p=5474"},"modified":"2014-10-28T00:32:35","modified_gmt":"2014-10-27T22:32:35","slug":"systeme-dinformation-facturation-conformite-des-factures-et-controle-fiscal","status":"publish","type":"post","link":"https:\/\/www.auditsi.eu\/?p=5474","title":{"rendered":"Syst\u00e8me d&#8217;information &#038; facturation : conformit\u00e9 des factures et contr\u00f4le fiscal"},"content":{"rendered":"<p style=\"text-align: justify;\">Les redressements sur contr\u00f4les fiscaux sont de plus en plus motiv\u00e9s sur des absences de respect de forme. Il en est ainsi des mentions obligatoires \u00e0 porter sur les factures de vente. Ces anomalies sont d&#8217;autant plus faciles \u00e0 d\u00e9tecter par l&#8217;administration fiscale qu&#8217;elle se sert de l&#8217;<a title=\"Articles sur l'audit de donn\u00e9es\" href=\"http:\/\/www.auditsi.eu\/?cat=50\">analyse de donn\u00e9es<\/a> pour traquer la moindre erreur ou omission.<\/p>\n<p style=\"text-align: justify;\">Les contr\u00f4leurs fiscaux utilisent ces techniques d&#8217;audit pour l&#8217;ensemble des donn\u00e9es de l&#8217;entreprise : comptabilit\u00e9 (\u00e0 partir du <a title=\"V\u00e9rification des comptabilit\u00e9s informatis\u00e9es : nouvelles obligations \u00e0 la charge des entreprises \u00e0 compter de 2014\" href=\"http:\/\/www.auditsi.eu\/?p=4030\">FEC<\/a>), facturation, ERP (co\u00fbts de revient, valorisation des stocks&#8230; \u00e0 partir de la comptabilit\u00e9 analytique)&#8230;<\/p>\n<p style=\"text-align: justify;\">Concernant la facturation, l&#8217;analyse des <a title=\"Syst\u00e8me informatique : mod\u00e9lisation des documents comptables dans les bases de donn\u00e9es\" href=\"http:\/\/www.auditsi.eu\/?p=286\">ent\u00eates de factures et des lignes de factures<\/a> est simple \u00e0 mettre en oeuvre pour le contr\u00f4leur et terriblement redoutable pour les finances de l&#8217;entreprise ; chaque anomalie \u00e9tant ais\u00e9e \u00e0 mettre en \u00e9vidence&#8230; et chacune donnant lieu \u00e0 sanction. En plus de la <a title=\"Santions pour mentions manquantes\" href=\"http:\/\/vosdroits.service-public.fr\/professionnels-entreprises\/F31808.xhtml\" target=\"_blank\">sanction<\/a> p\u00e9nale pouvant aller jusqu&#8217;\u00e0 75 000 \u20ac, l&#8217;entreprise qui ne respecte pas ces obligations s&#8217;expose \u00e0 une amende fiscale de 15 \u20ac par mention manquante ou inexacte pour chaque facture, plafonn\u00e9e au 1\/4 de son montant. Le contr\u00f4le de conformit\u00e9 est de fait tr\u00e8s rentable pour l&#8217;administration fiscale.<\/p>\n<p style=\"text-align: justify;\">Voici la liste des principales mentions devant figurer sur les factures :<\/p>\n<ul>\n<li style=\"text-align: justify;\">la mention &#8220;facture&#8221; ou assimil\u00e9e et un num\u00e9ro unique,<\/li>\n<li style=\"text-align: justify;\">Le nom et l&#8217;adresse des parties,<\/li>\n<li style=\"text-align: justify;\">Concernant l&#8217;\u00e9metteur de la facture :\n<ul>\n<li style=\"text-align: justify;\">le num\u00e9ro unique d&#8217;identification d\u00e9livr\u00e9 conform\u00e9ment \u00e0 l&#8217;article D123-235 du Code de Commerce,<\/li>\n<li style=\"text-align: justify;\">son num\u00e9ro RCS suivi du nom de la ville o\u00f9 la soci\u00e9t\u00e9 est immatricul\u00e9e,<\/li>\n<li style=\"text-align: justify;\">le lieu du si\u00e8ge social,<\/li>\n<\/ul>\n<\/li>\n<li style=\"text-align: justify;\">Concernant les biens vendus ou prestations r\u00e9alis\u00e9es :\n<ul>\n<li style=\"text-align: justify;\">la date de vente ou de r\u00e9alisation,<\/li>\n<li style=\"text-align: justify;\">la d\u00e9nomination pr\u00e9cise des produits vendus ou des services rendus,<\/li>\n<li style=\"text-align: justify;\">la quantit\u00e9,<\/li>\n<li style=\"text-align: justify;\">le prix unitaire hors TVA,<\/li>\n<li style=\"text-align: justify;\">les r\u00e9ductions de prix,<\/li>\n<\/ul>\n<\/li>\n<li style=\"text-align: justify;\">le montant et le taux de la TVA ; en cas d&#8217;exon\u00e9ration, la r\u00e9f\u00e9rence au CGI (dans ce cas aucune TVA ou taux n&#8217;est mentionn\u00e9e) :\n<ul>\n<li style=\"text-align: justify;\">r\u00e9gime de la franchise en base de TVA (r\u00e9gime micro, auto-entrepreneur&#8230;) : \u00ab TVA non applicable, article 293 B du Code g\u00e9n\u00e9ral des imp\u00f4ts \u00bb.<\/li>\n<li style=\"text-align: justify;\">ventes de biens au profit d\u2019entreprises ressortissantes d\u2019autres \u00e9tats membres de l\u2019Union europ\u00e9enne et si ces ventes sont exon\u00e9r\u00e9es de TVA, mention du num\u00e9ro de TVA intracommunautaire du client et mention : \u00ab Exon\u00e9ration de TVA, article 262 ter, I du Code g\u00e9n\u00e9ral des imp\u00f4ts et autoliquidation \u00bb.<\/li>\n<li style=\"text-align: justify;\">ventes r\u00e9alis\u00e9es en dehors de l\u2019Union europ\u00e9enne : \u00ab Exon\u00e9ration de TVA, article 262 I du CGI \u00bb.<\/li>\n<li style=\"text-align: justify;\">prestations de services \u00e0 un client install\u00e9 dans un autre \u00c9tat membre de l\u2019Union europ\u00e9enne : \u00ab Exon\u00e9ration de TVA, article 283-2 du Code g\u00e9n\u00e9ral des imp\u00f4ts \u00bb.<\/li>\n<li style=\"text-align: justify;\"><a title=\"Audit de la TVA : pr\u00e9cisions de l\u2019administration sur l\u2019autoliquidation de la TVA relative \u00e0 la sous-traitance dans le BTP\" href=\"http:\/\/www.auditsi.eu\/?p=5514\">sous-traitance dans le secteur du b\u00e2timent<\/a> : \u00ab TVA due par le preneur assujetti ; autoliquidation en application de l\u2019article 242 nonies A, I-13\u00b0 de l\u2019annexe II au CGI \u00bb.<\/li>\n<\/ul>\n<\/li>\n<li style=\"text-align: justify;\">la date d&#8217;\u00e9ch\u00e9ance et modes de r\u00e8glement,<\/li>\n<li style=\"text-align: justify;\">les conditions d&#8217;escomptes applicables,<\/li>\n<li style=\"text-align: justify;\">les p\u00e9nalit\u00e9s de retard de paiement et l&#8217;indemnit\u00e9 pour frais de recouvrement.<\/li>\n<\/ul>\n<p style=\"text-align: justify;\">L&#8217;article ci-apr\u00e8s,\u00a0paru dans le SIC n\u00b0 319 (juin 2013), r\u00e9capitule les mentions obligatoires (\u00e0 jour suite \u00e0 la troisi\u00e8me loi de finances rectificative pour 2012) :<\/p>\n<div class=\"wpfilebase-attachment\">\r\n <div class=\"wpfilebase-fileicon\"><a href=\"https:\/\/www.auditsi.eu\/?wpfb_dl=138\" title=\"Download Mentions Obligatoires sur les Factures\"><img decoding=\"async\" align=\"middle\" src=\"https:\/\/www.auditsi.eu\/wp-includes\/images\/crystal\/document.png\" alt=\"Mentions Obligatoires sur les Factures\" \/><\/a><\/div>\r\n <div class=\"wpfilebase-rightcol\">\r\n  <div class=\"wpfilebase-filetitle\">\r\n   <a href=\"https:\/\/www.auditsi.eu\/?wpfb_dl=138\" title=\"Download Mentions Obligatoires sur les Factures\">Mentions Obligatoires sur les Factures<\/a><br \/>\r\n   SIC 319 - 06-2013 - Mentions obligatoires factures.pdf<br \/>\r\n   \r\n   <a href=\"https:\/\/www.auditsi.eu\/?p=3423#wpfb-file-138\" class=\"wpfilebase-postlink\">Voir la publication<\/a>\r\n  <\/div>\r\n  <div class=\"wpfilebase-filedetails\" id=\"wpfilebase-filedetails1\" style=\"display: none;\">\r\n  <p>SIC 319 - 06-2013 - Mentions Obligatoires sur les Factures<\/p>\r\n  <table border=\"0\">\r\n   \r\n   <tr><td><strong>Auteur:<\/strong><\/td><td>SIC 319 - 06-2013<\/td><\/tr>\r\n   \r\n   \r\n   \r\n   \r\n   <tr><td><strong>Date:<\/strong><\/td><td>jeudi 25 juillet 2013<\/td><\/tr>\r\n   \n  <\/table>\r\n  <\/div>\r\n <\/div>\r\n <div class=\"wpfilebase-fileinfo\">\r\n  56 KiB<br \/>\r\n  1859 t\u00e9l\u00e9chargements<br \/>\r\n  <a href=\"#\" onclick=\"return wpfilebase_filedetails(1);\">D\u00e9tails...<\/a>\r\n <\/div>\r\n <div style=\"clear: both;\"><\/div>\r\n<\/div>\n<p style=\"text-align: justify;\">Pour \u00e9viter aux entreprises des sanctions importantes, il est donc souhaitable de les sensibiliser \u00e0 la n\u00e9cessit\u00e9 de respecter le formalisme de la facturation et de les inciter \u00e0 analyser p\u00e9riodiquement les fichiers de facturation&#8230;<\/p>\n<p style=\"text-align: justify;\"><em>Plus d&#8217;informations sur le <a title=\"Mentions obligatoires (site du Minist\u00e8re de l'Economie)\" href=\"http:\/\/www.economie.gouv.fr\/cedef\/facture-mentions-obligatoires\" target=\"_blank\">site du Minist\u00e8re de l&#8217;Economie<\/a><\/em><\/p>\n<div style=\"padding-bottom:20px; padding-top:10px;\" class=\"hupso-share-buttons\"><!-- Hupso Share Buttons - https:\/\/www.hupso.com\/share\/ --><a class=\"hupso_counters\" href=\"https:\/\/www.hupso.com\/share\/\"><img decoding=\"async\" src=\"https:\/\/static.hupso.com\/share\/buttons\/lang\/fr\/share-small.png\" style=\"border:0px; padding-top:2px; float:left;\" alt=\"Share Button\"\/><\/a><script type=\"text\/javascript\">var hupso_services_c=new Array(\"twitter\",\"facebook_like\",\"facebook_send\",\"email\",\"print\",\"linkedin\");var hupso_counters_lang = \"fr_FR\";var hupso_image_folder_url = \"\";var hupso_twitter_via=\"BenoitRiviere14\";var hupso_url_c=\"\";var hupso_title_c=\"Syst%C3%A8me%20d%27information%20%26%20facturation%20%3A%20conformit%C3%A9%20des%20factures%20et%20contr%C3%B4le%20fiscal\";<\/script><script type=\"text\/javascript\" src=\"https:\/\/static.hupso.com\/share\/js\/counters.js\"><\/script><!-- Hupso Share Buttons --><\/div>","protected":false},"excerpt":{"rendered":"<p>Les redressements sur contr\u00f4les fiscaux sont de plus en plus motiv\u00e9s sur des absences de respect de forme. Il en est ainsi des mentions obligatoires \u00e0 porter sur les factures de vente. Ces anomalies sont d&#8217;autant plus faciles \u00e0 d\u00e9tecter par l&#8217;administration fiscale qu&#8217;elle se sert de l&#8217;analyse de donn\u00e9es pour traquer la moindre erreur &#8230;<\/p>\n<p><a href=\"https:\/\/www.auditsi.eu\/?p=5474\" class=\"more-link\">Continue reading &lsquo;Syst\u00e8me d&#8217;information &#038; facturation : conformit\u00e9 des factures et contr\u00f4le fiscal&rsquo; &raquo;<\/a><\/p>\n<div style=\"padding-bottom:20px; padding-top:10px;\" class=\"hupso-share-buttons\"><!-- Hupso Share Buttons - https:\/\/www.hupso.com\/share\/ --><a class=\"hupso_counters\" href=\"https:\/\/www.hupso.com\/share\/\"><img src=\"https:\/\/static.hupso.com\/share\/buttons\/lang\/fr\/share-small.png\" style=\"border:0px; padding-top:2px; float:left;\" alt=\"Share Button\"\/><\/a><script type=\"text\/javascript\">var hupso_services_c=new Array(\"twitter\",\"facebook_like\",\"facebook_send\",\"email\",\"print\",\"linkedin\");var hupso_counters_lang = \"fr_FR\";var hupso_image_folder_url = \"\";var hupso_twitter_via=\"BenoitRiviere14\";var hupso_url_c=\"\";var hupso_title_c=\"Syst%C3%A8me%20d%27information%20%26%20facturation%20%3A%20conformit%C3%A9%20des%20factures%20et%20contr%C3%B4le%20fiscal\";<\/script><script type=\"text\/javascript\" src=\"https:\/\/static.hupso.com\/share\/js\/counters.js\"><\/script><!-- Hupso Share Buttons --><\/div>","protected":false},"author":1,"featured_media":0,"comment_status":"open","ping_status":"open","sticky":false,"template":"","format":"standard","meta":{"advanced_seo_description":"","jetpack_seo_html_title":"","jetpack_seo_noindex":false,"ngg_post_thumbnail":0,"_jetpack_memberships_contains_paid_content":false,"footnotes":"","_links_to":"","_links_to_target":""},"categories":[50,7,472,8,24],"tags":[166,1340,67,1176],"class_list":["post-5474","post","type-post","status-publish","format-standard","hentry","category-audit-de-donnees","category-breves","category-cycle-clients-controle-des-comptes","category-extractions-de-donnees","category-systeme-dinformation","tag-analyse-de-donnees","tag-cfci","tag-facturation","tag-mentions-obligatoires-sur-les-factures"],"jetpack_featured_media_url":"","jetpack_sharing_enabled":true,"jetpack_likes_enabled":false,"_links":{"self":[{"href":"https:\/\/www.auditsi.eu\/index.php?rest_route=\/wp\/v2\/posts\/5474","targetHints":{"allow":["GET"]}}],"collection":[{"href":"https:\/\/www.auditsi.eu\/index.php?rest_route=\/wp\/v2\/posts"}],"about":[{"href":"https:\/\/www.auditsi.eu\/index.php?rest_route=\/wp\/v2\/types\/post"}],"author":[{"embeddable":true,"href":"https:\/\/www.auditsi.eu\/index.php?rest_route=\/wp\/v2\/users\/1"}],"replies":[{"embeddable":true,"href":"https:\/\/www.auditsi.eu\/index.php?rest_route=%2Fwp%2Fv2%2Fcomments&post=5474"}],"version-history":[{"count":18,"href":"https:\/\/www.auditsi.eu\/index.php?rest_route=\/wp\/v2\/posts\/5474\/revisions"}],"predecessor-version":[{"id":5565,"href":"https:\/\/www.auditsi.eu\/index.php?rest_route=\/wp\/v2\/posts\/5474\/revisions\/5565"}],"wp:attachment":[{"href":"https:\/\/www.auditsi.eu\/index.php?rest_route=%2Fwp%2Fv2%2Fmedia&parent=5474"}],"wp:term":[{"taxonomy":"category","embeddable":true,"href":"https:\/\/www.auditsi.eu\/index.php?rest_route=%2Fwp%2Fv2%2Fcategories&post=5474"},{"taxonomy":"post_tag","embeddable":true,"href":"https:\/\/www.auditsi.eu\/index.php?rest_route=%2Fwp%2Fv2%2Ftags&post=5474"}],"curies":[{"name":"wp","href":"https:\/\/api.w.org\/{rel}","templated":true}]}}