{"id":4030,"date":"2013-11-02T23:14:04","date_gmt":"2013-11-02T21:14:04","guid":{"rendered":"http:\/\/www.auditsi.eu\/?p=4030"},"modified":"2013-11-21T02:33:16","modified_gmt":"2013-11-21T00:33:16","slug":"verification-des-comptabilites-informatisees-nouvelles-obligations-a-la-charge-des-entreprises-a-compter-de-2014","status":"publish","type":"post","link":"https:\/\/www.auditsi.eu\/?p=4030","title":{"rendered":"V\u00e9rification des comptabilit\u00e9s informatis\u00e9es : nouvelles obligations \u00e0 la charge des entreprises \u00e0 compter de 2014"},"content":{"rendered":"<p style=\"text-align: justify;\">L&#8217;arr\u00eat\u00e9 minist\u00e9riel pr\u00e9cisant les modalit\u00e9s d&#8217;application de la loi adopt\u00e9e le 5 d\u00e9cembre 2012 concernant la mise \u00e0 disposition du code d\u2019extraction des archives fiscales a \u00e9t\u00e9 sign\u00e9 le 1<sup>er<\/sup> ao\u00fbt 2013\u00a0par le ministre du Budget. Cet arr\u00eat\u00e9 rend obligatoire, pour les contr\u00f4les engag\u00e9s apr\u00e8s le 1er janvier 2014 (donc \u00e0 partir des exercices clos en 2011, 2012 et 2013) et d\u00e8s le d\u00e9but de la proc\u00e9dure, la remise \u00e0 l&#8217;administration fiscale par l&#8217;entreprise v\u00e9rifi\u00e9e d&#8217;un Fichier d&#8217;Ecritures Comptables (FEC) par exercice correspondant en fait \u00e0 un livre journal \u00e9lectronique de toutes les \u00e9critures de comptabilit\u00e9 g\u00e9n\u00e9rale.<\/p>\n<p style=\"text-align: justify;\"><a href=\"https:\/\/www.auditsi.eu\/wp-content\/uploads\/2012\/11\/Logo-Administration-fiscale.jpg\"><img loading=\"lazy\" decoding=\"async\" class=\"aligncenter size-full wp-image-2532\" alt=\"Logo Administration fiscale\" src=\"https:\/\/www.auditsi.eu\/wp-content\/uploads\/2012\/11\/Logo-Administration-fiscale.jpg\" width=\"293\" height=\"172\" \/><\/a>A d\u00e9faut de pr\u00e9sentation de la comptabilit\u00e9 selon les modalit\u00e9s d\u00e9crites ci-dessus l\u2019entreprise sera passible d\u2019une amende \u00e9gale \u00e0 5\u2030 du chiffre d\u2019affaires d\u00e9clar\u00e9 ou redress\u00e9 par exercice soumis \u00e0 contr\u00f4le (avec un minimum de 1\u00a0500\u00a0\u20ac).<\/p>\n<p style=\"text-align: justify;\">Par ailleurs, les dispositions pr\u00e9vues \u00e0 l&#8217;article L 74 du LPF relatives \u00e0 l&#8217;opposition \u00e0 contr\u00f4le fiscal, sont applicables en cas de non-respect de cette obligation. Elles donnent ainsi une base l\u00e9gale \u00e0 l&#8217;administration pour rejeter la comptabilit\u00e9, voire en cas de manquements graves, consid\u00e9rer qu&#8217;il y a opposition \u00e0 contr\u00f4le fiscal.<\/p>\n<p style=\"text-align: justify;\">Cette nouvelle r\u00e9glementation cr\u00e9e de nouvelles obligations par rapport \u00e0 la r\u00e9glementation ant\u00e9rieurement en vigueur. En effet, cet arr\u00eat\u00e9 pr\u00e9cise le cadre de la mise \u00e0 disposition du Fichier des Ecritures Comptables\u00a0et notamment :<\/p>\n<ul>\n<li>Au sein du fichier, les \u00e9critures devront \u00eatre num\u00e9rot\u00e9es chronologiquement de mani\u00e8re croissante, sans rupture ni inversion dans la s\u00e9quence. En outre, pour chaque \u00e9criture comptable, l\u2019arr\u00eat\u00e9 d\u00e9finit 18 champs obligatoires (21 ou 22 champs pour les comptabilit\u00e9s de tr\u00e9sorerie) tels que le code journal, le num\u00e9ro de l\u2019\u00e9criture ou bien le num\u00e9ro de compte dont les 3 premiers caract\u00e8res doivent correspondre \u00e0 des chiffres respectant les normes du plan comptable fran\u00e7ais (\u00e0 l&#8217;exclusion de toute autre).<\/li>\n<li>Le FEC doit comprendre l\u2019ensemble des \u00e9critures retrac\u00e9es dans tous les journaux comptables au titre d\u2019un exercice<a title=\"\" href=\"#_edn1\">[i]<\/a> et doit \u00eatre remis dans un fichier unique<a title=\"\" href=\"#_edn2\">[ii]<\/a>. Il importe de veiller \u00e0 ce que le fichier des \u00e9critures comptables comprenne l\u2019ensemble des \u00e9critures comptables natives (non centralis\u00e9es) enregistr\u00e9es au cours de l\u2019exercice<a title=\"\" href=\"#_edn3\">[iii]<\/a>.<\/li>\n<li>Le FEC doit \u00eatre remis au plus tard lors du deuxi\u00e8me rendez-vous avec l\u2019administration.<\/li>\n<\/ul>\n<p style=\"text-align: justify;\">Il appartient au dirigeant et par d\u00e9l\u00e9gation au DSI de s&#8217;assurer que le syst\u00e8me comptable permet de r\u00e9pondre \u00e0 cette nouvelle r\u00e9glementation.<\/p>\n<hr align=\"left\" size=\"1\" width=\"33%\" \/>\n<div>\n<p><span style=\"font-size: x-small;\"><a title=\"\" href=\"#_ednref1\">[i]<\/a> Il conviendra de v\u00e9rifier que les \u00e9critures d\u2019enregistrement du bilan d\u2019ouverture ainsi que les \u00e9critures d\u2019inventaire sont correctement int\u00e9gr\u00e9es et qu\u2019ont \u00e9t\u00e9 exclues les \u00e9critures de solde des comptes de charges et de produits.<\/span><\/p>\n<\/div>\n<div>\n<p><span style=\"font-size: x-small;\"><a title=\"\" href=\"#_ednref2\">[ii]<\/a> Afin de g\u00e9rer la volum\u00e9trie, le fichier pourra, sous r\u00e9serve de l\u2019obtention de l\u2019accord pr\u00e9alable du service v\u00e9rificateur, \u00eatre scind\u00e9 en plusieurs parties qu\u2019il conviendra de remettre simultan\u00e9ment.<\/span><\/p>\n<\/div>\n<div>\n<p><span style=\"font-size: x-small;\"><a title=\"\" href=\"#_ednref3\">[iii]<\/a> Il est \u00e0 noter que le v\u00e9rificateur pourra dans certains cas limitativement \u00e9num\u00e9r\u00e9s \u00e0 l\u2019article A 47 A 1 XIV du LPF demander une remise en deux temps ce qui implique la conservation et la constitution de deux fichiers : un premier fichier avec les \u00e9critures centralis\u00e9es et un deuxi\u00e8me avec les \u00e9critures \u00ab natives \u00bb.<\/span><\/p>\n<\/div>\n<div style=\"padding-bottom:20px; padding-top:10px;\" class=\"hupso-share-buttons\"><!-- Hupso Share Buttons - https:\/\/www.hupso.com\/share\/ --><a class=\"hupso_counters\" href=\"https:\/\/www.hupso.com\/share\/\"><img decoding=\"async\" src=\"https:\/\/static.hupso.com\/share\/buttons\/lang\/fr\/share-small.png\" style=\"border:0px; padding-top:2px; float:left;\" alt=\"Share Button\"\/><\/a><script type=\"text\/javascript\">var hupso_services_c=new Array(\"twitter\",\"facebook_like\",\"facebook_send\",\"email\",\"print\",\"linkedin\");var hupso_counters_lang = \"fr_FR\";var hupso_image_folder_url = \"\";var hupso_twitter_via=\"BenoitRiviere14\";var hupso_url_c=\"\";var hupso_title_c=\"V%C3%A9rification%20des%20comptabilit%C3%A9s%20informatis%C3%A9es%20%3A%20nouvelles%20obligations%20%C3%A0%20la%20charge%20des%20entreprises%20%C3%A0%20compter%20de%202014\";<\/script><script type=\"text\/javascript\" src=\"https:\/\/static.hupso.com\/share\/js\/counters.js\"><\/script><!-- Hupso Share Buttons --><\/div>","protected":false},"excerpt":{"rendered":"<p>L&#8217;arr\u00eat\u00e9 minist\u00e9riel pr\u00e9cisant les modalit\u00e9s d&#8217;application de la loi adopt\u00e9e le 5 d\u00e9cembre 2012 concernant la mise \u00e0 disposition du code d\u2019extraction des archives fiscales a \u00e9t\u00e9 sign\u00e9 le 1er ao\u00fbt 2013\u00a0par le ministre du Budget. Cet arr\u00eat\u00e9 rend obligatoire, pour les contr\u00f4les engag\u00e9s apr\u00e8s le 1er janvier 2014 (donc \u00e0 partir des exercices clos &#8230;<\/p>\n<p><a href=\"https:\/\/www.auditsi.eu\/?p=4030\" class=\"more-link\">Continue reading &lsquo;V\u00e9rification des comptabilit\u00e9s informatis\u00e9es : nouvelles obligations \u00e0 la charge des entreprises \u00e0 compter de 2014&rsquo; &raquo;<\/a><\/p>\n<div style=\"padding-bottom:20px; padding-top:10px;\" class=\"hupso-share-buttons\"><!-- Hupso Share Buttons - https:\/\/www.hupso.com\/share\/ --><a class=\"hupso_counters\" href=\"https:\/\/www.hupso.com\/share\/\"><img src=\"https:\/\/static.hupso.com\/share\/buttons\/lang\/fr\/share-small.png\" style=\"border:0px; padding-top:2px; float:left;\" alt=\"Share Button\"\/><\/a><script type=\"text\/javascript\">var hupso_services_c=new Array(\"twitter\",\"facebook_like\",\"facebook_send\",\"email\",\"print\",\"linkedin\");var hupso_counters_lang = \"fr_FR\";var hupso_image_folder_url = \"\";var hupso_twitter_via=\"BenoitRiviere14\";var hupso_url_c=\"\";var hupso_title_c=\"V%C3%A9rification%20des%20comptabilit%C3%A9s%20informatis%C3%A9es%20%3A%20nouvelles%20obligations%20%C3%A0%20la%20charge%20des%20entreprises%20%C3%A0%20compter%20de%202014\";<\/script><script type=\"text\/javascript\" src=\"https:\/\/static.hupso.com\/share\/js\/counters.js\"><\/script><!-- Hupso Share Buttons --><\/div>","protected":false},"author":1,"featured_media":0,"comment_status":"open","ping_status":"open","sticky":false,"template":"","format":"standard","meta":{"advanced_seo_description":"","jetpack_seo_html_title":"","jetpack_seo_noindex":false,"ngg_post_thumbnail":0,"_jetpack_memberships_contains_paid_content":false,"footnotes":"","_links_to":"","_links_to_target":""},"categories":[7,717],"tags":[1116,1213,1113,1212,510,1117,318,1210,1211,1115,1114,1151,1214,1215,1624],"class_list":["post-4030","post","type-post","status-publish","format-standard","hentry","category-breves","category-comptes-annuels","tag-administration-fiscale","tag-cgi","tag-comptabilite-dematerialisee","tag-comptabilite-generale","tag-controle-fiscal","tag-donnees-comptables","tag-dsi","tag-fec","tag-fichier-des-ecritures-comptables","tag-fraude-fiscale","tag-loi-de-finances","tag-plan-comptable","tag-rejet-de-comptabilite","tag-systeme-comptable","tag-systeme-dinformation"],"jetpack_featured_media_url":"","jetpack_sharing_enabled":true,"jetpack_likes_enabled":false,"_links":{"self":[{"href":"https:\/\/www.auditsi.eu\/index.php?rest_route=\/wp\/v2\/posts\/4030","targetHints":{"allow":["GET"]}}],"collection":[{"href":"https:\/\/www.auditsi.eu\/index.php?rest_route=\/wp\/v2\/posts"}],"about":[{"href":"https:\/\/www.auditsi.eu\/index.php?rest_route=\/wp\/v2\/types\/post"}],"author":[{"embeddable":true,"href":"https:\/\/www.auditsi.eu\/index.php?rest_route=\/wp\/v2\/users\/1"}],"replies":[{"embeddable":true,"href":"https:\/\/www.auditsi.eu\/index.php?rest_route=%2Fwp%2Fv2%2Fcomments&post=4030"}],"version-history":[{"count":8,"href":"https:\/\/www.auditsi.eu\/index.php?rest_route=\/wp\/v2\/posts\/4030\/revisions"}],"predecessor-version":[{"id":4038,"href":"https:\/\/www.auditsi.eu\/index.php?rest_route=\/wp\/v2\/posts\/4030\/revisions\/4038"}],"wp:attachment":[{"href":"https:\/\/www.auditsi.eu\/index.php?rest_route=%2Fwp%2Fv2%2Fmedia&parent=4030"}],"wp:term":[{"taxonomy":"category","embeddable":true,"href":"https:\/\/www.auditsi.eu\/index.php?rest_route=%2Fwp%2Fv2%2Fcategories&post=4030"},{"taxonomy":"post_tag","embeddable":true,"href":"https:\/\/www.auditsi.eu\/index.php?rest_route=%2Fwp%2Fv2%2Ftags&post=4030"}],"curies":[{"name":"wp","href":"https:\/\/api.w.org\/{rel}","templated":true}]}}