{"id":2153,"date":"2012-10-22T02:17:13","date_gmt":"2012-10-22T00:17:13","guid":{"rendered":"http:\/\/www.auditsi.eu\/?p=2153"},"modified":"2012-12-19T01:41:35","modified_gmt":"2012-12-18T23:41:35","slug":"67eme-congres-de-lordre-des-experts-comptables-quelques-tendances","status":"publish","type":"post","link":"https:\/\/www.auditsi.eu\/?p=2153","title":{"rendered":"67\u00e8me Congr\u00e8s de l\u2019Ordre des Experts-Comptables : quelques tendances"},"content":{"rendered":"<p style=\"text-align: justify;\">Le th\u00e8me du Congr\u00e8s 2012 \u00e9tait \u00ab l\u2019expert-comptable entrepreneur, une marque \u2013 une offre \u00bb, une th\u00e9matique d&#8217;actualit\u00e9 et moderne.<\/p>\n<p style=\"text-align: justify;\"><a href=\"https:\/\/www.auditsi.eu\/wp-content\/uploads\/2012\/10\/Congr\u00e8s-OEC-2012.jpg\"><img loading=\"lazy\" decoding=\"async\" class=\"aligncenter size-full wp-image-2156\" title=\"Congr\u00e8s OEC 2012\" alt=\"Congr\u00e8s OEC 2012\" src=\"https:\/\/www.auditsi.eu\/wp-content\/uploads\/2012\/10\/Congr\u00e8s-OEC-2012.jpg\" width=\"650\" height=\"232\" srcset=\"https:\/\/www.auditsi.eu\/wp-content\/uploads\/2012\/10\/Congr\u00e8s-OEC-2012.jpg 650w, https:\/\/www.auditsi.eu\/wp-content\/uploads\/2012\/10\/Congr\u00e8s-OEC-2012-300x107.jpg 300w\" sizes=\"auto, (max-width: 650px) 100vw, 650px\" \/><\/a><\/p>\n<p style=\"text-align: justify;\">Durant ma participation au Congr\u00e8s, j\u2019ai relev\u00e9 quelques tendances qu\u2019il m\u2019a sembl\u00e9 int\u00e9ressant de rapporter :<\/p>\n<ul>\n<li style=\"text-align: justify;\">D\u00e9veloppement de la communication client visant \u00e0 r\u00e9pondre au devoir de conseil, \u00e0 pr\u00e9senter la palette de prestations du cabinet, \u00e0 fid\u00e9liser le client : site internet avec espace client, applications iPhone du cabinet, lettre d\u2019information, \u00e9valuation de la satisfaction client, ma\u00eetrise des techniques de vente et de l\u2019argumentaire client.<\/li>\n<li style=\"text-align: justify;\">Signature \u00e9lectronique des documents (Word, Excel, PDF&#8230;) avec SIGN\u2019EXPERT : la signature \u00e9lectronique a la m\u00eame valeur juridique que la signature &#8220;manuelle&#8221;. Un document sign\u00e9 num\u00e9riquement est r\u00e9put\u00e9 infalsifiable. Les \u00e9diteurs informatiques commencent \u00e0 int\u00e9grer la signature \u00e9lectronique dans le processus de production comptable.<\/li>\n<li style=\"text-align: justify;\">D\u00e9mat\u00e9rialisation des factures fournisseurs avec lecture automatique de documents (LAD) et reconnaissance de caract\u00e8res (OCR) permettant l&#8217;informatisation du processus de validation des achats et l&#8217;automatisation de l&#8217;int\u00e9gration des \u00e9critures dans la comptabilit\u00e9.<\/li>\n<li style=\"text-align: justify;\">Gestion Electronique de Documents (GED).<\/li>\n<li style=\"text-align: justify;\">Deux outils en ligne pour aider le cabinet (notamment pour le cabinet qui s\u2019engage dans le processus de certification ISO 9001) \u00e0 se structurer et s&#8217;\u00e9valuer : manuel de proc\u00e9dure du cabinet (<a title=\"Manuel de proc\u00e9dure du cabinet\" href=\"http:\/\/www.monmanuelcabinet.fr\" target=\"_blank\">www.monmanuelcabinet.fr<\/a>) et diagnostic de la performance du cabinet (<a title=\"Diagnostic de la performance du cabinet\" href=\"http:\/\/www.mondiagnosticperformance.fr\" target=\"_blank\">www.mondiagnosticperformance.fr<\/a>).<\/li>\n<li style=\"text-align: justify;\">Organisation du patrimoine du dirigeant : p\u00e9renniser les revenus du dirigeant, assurer la transmission de son patrimoine professionnel, fid\u00e9liser les hommes-clefs\u2026 sont les ma\u00eetres mots charg\u00e9s de conforter l\u2019expert-comptable dans son r\u00f4le de conseil privil\u00e9gi\u00e9 du dirigeant (cf support du s\u00e9minaire en bas d&#8217;article).<\/li>\n<\/ul>\n<p style=\"text-align: justify;\">Au passage, j\u2019ai remarqu\u00e9 le stand Onward qui propose un logiciel de contr\u00f4le automatique des \u00e9critures comptables, Controller. Accompagn\u00e9 du slogan \u00ab Contr\u00f4lez les comptes en 30 minutes ! \u00bb, ce produit propose de passer vos grands livres dans une moulinette de 300 contr\u00f4les et de vous fournir un rapport d\u00e9taill\u00e9 sur des anomalies potentielles et des contr\u00f4les pertinents. Si ce produit, disponible uniquement en location, semble au demeurant tr\u00e8s prometteur, son co\u00fbt me para\u00eet dissuasif. Plus d\u2019info sur : <a title=\"Onward\" href=\"http:\/\/www.onward.fr\/\" target=\"_blank\">http:\/\/www.onward.fr\/<\/a>.<\/p>\n<p style=\"text-align: justify;\">Le Congr\u00e8s 2013 sera organis\u00e9 \u00e0 Dijon&#8230; R\u00e9gion o\u00f9 il fait bon vivre \u00e0 en croire la pr\u00e9sentation qui nous en a \u00e9t\u00e9 faite.<\/p>\n<p style=\"text-align: justify;\">Le Congr\u00e8s est \u00e9galement l\u2019occasion de faire beaucoup de rencontres int\u00e9ressantes :<\/p>\n<div id=\"attachment_2159\" style=\"width: 458px\" class=\"wp-caption aligncenter\"><a href=\"https:\/\/www.auditsi.eu\/wp-content\/uploads\/2012\/10\/Copie-de-Congr\u00e8s-Stand-Challenge-voile.jpg\"><img loading=\"lazy\" decoding=\"async\" aria-describedby=\"caption-attachment-2159\" class=\"size-full wp-image-2159\" title=\"Echanges autour d'un verre sur le stand du Challenge voile avec des membres de l'\u00e9quipage Pacioli 2012 et de l'\u00e9quipe IFEC (de gauche \u00e0 droite : Claude RAMEIX, Beno\u00eet RIVIERE, Brice SIMON, Sandrine COHEN-SOLAL)\" alt=\"Echanges autour d'un verre sur le stand du Challenge voile avec des membres de l'\u00e9quipage Pacioli 2012 et de l'\u00e9quipe IFEC (de gauche \u00e0 droite : Claude RAMEIX, Beno\u00eet RIVIERE, Brice SIMON, Sandrine COHEN-SOLAL)\" src=\"https:\/\/www.auditsi.eu\/wp-content\/uploads\/2012\/10\/Copie-de-Congr\u00e8s-Stand-Challenge-voile.jpg\" width=\"448\" height=\"252\" srcset=\"https:\/\/www.auditsi.eu\/wp-content\/uploads\/2012\/10\/Copie-de-Congr\u00e8s-Stand-Challenge-voile.jpg 448w, https:\/\/www.auditsi.eu\/wp-content\/uploads\/2012\/10\/Copie-de-Congr\u00e8s-Stand-Challenge-voile-300x168.jpg 300w\" sizes=\"auto, (max-width: 448px) 100vw, 448px\" \/><\/a><p id=\"caption-attachment-2159\" class=\"wp-caption-text\">Echanges autour d&#8217;un verre sur le stand du Challenge voile avec des membres de l&#8217;\u00e9quipage Pacioli 2012 et de l&#8217;\u00e9quipe IFEC<\/p><\/div>\n<div id=\"attachment_2162\" style=\"width: 458px\" class=\"wp-caption aligncenter\"><a href=\"https:\/\/www.auditsi.eu\/wp-content\/uploads\/2012\/10\/Copie-de-Congr\u00e8s-Repas-du-soir.jpg\"><img loading=\"lazy\" decoding=\"async\" aria-describedby=\"caption-attachment-2162\" class=\"size-full wp-image-2162\" title=\"Soir\u00e9e avec des voileux PACIOLI 2012 et le ph\u00e9nom\u00e8ne Genevi\u00e8ve\" alt=\"Soir\u00e9e avec des voileux PACIOLI 2012 et le ph\u00e9nom\u00e8ne Genevi\u00e8ve\" src=\"https:\/\/www.auditsi.eu\/wp-content\/uploads\/2012\/10\/Copie-de-Congr\u00e8s-Repas-du-soir.jpg\" width=\"448\" height=\"335\" srcset=\"https:\/\/www.auditsi.eu\/wp-content\/uploads\/2012\/10\/Copie-de-Congr\u00e8s-Repas-du-soir.jpg 448w, https:\/\/www.auditsi.eu\/wp-content\/uploads\/2012\/10\/Copie-de-Congr\u00e8s-Repas-du-soir-300x224.jpg 300w\" sizes=\"auto, (max-width: 448px) 100vw, 448px\" \/><\/a><p id=\"caption-attachment-2162\" class=\"wp-caption-text\">Soir\u00e9e au Mood avec des voileux PACIOLI 2012 et le ph\u00e9nom\u00e8ne Genevi\u00e8ve<\/p><\/div>\n<div id=\"attachment_2163\" style=\"width: 458px\" class=\"wp-caption aligncenter\"><a href=\"https:\/\/www.auditsi.eu\/wp-content\/uploads\/2012\/10\/Copie-de-Congr\u00e8s-Remise-des-dipl\u00f4mes-du-DEC.jpg\"><img loading=\"lazy\" decoding=\"async\" aria-describedby=\"caption-attachment-2163\" class=\"size-full wp-image-2163\" title=\"Soir\u00e9e de remise des dipl\u00f4mes : de nouvelles consoeurs fra\u00eechement dipl\u00f4m\u00e9es\" alt=\"Soir\u00e9e de remise des dipl\u00f4mes : de nouvelles consoeurs fra\u00eechement dipl\u00f4m\u00e9es\" src=\"https:\/\/www.auditsi.eu\/wp-content\/uploads\/2012\/10\/Copie-de-Congr\u00e8s-Remise-des-dipl\u00f4mes-du-DEC.jpg\" width=\"448\" height=\"300\" srcset=\"https:\/\/www.auditsi.eu\/wp-content\/uploads\/2012\/10\/Copie-de-Congr\u00e8s-Remise-des-dipl\u00f4mes-du-DEC.jpg 448w, https:\/\/www.auditsi.eu\/wp-content\/uploads\/2012\/10\/Copie-de-Congr\u00e8s-Remise-des-dipl\u00f4mes-du-DEC-300x200.jpg 300w\" sizes=\"auto, (max-width: 448px) 100vw, 448px\" \/><\/a><p id=\"caption-attachment-2163\" class=\"wp-caption-text\">Soir\u00e9e de remise des dipl\u00f4mes : de nouvelles consoeurs fra\u00eechement dipl\u00f4m\u00e9es<\/p><\/div>\n<div style=\"padding-bottom:20px; padding-top:10px;\" class=\"hupso-share-buttons\"><!-- Hupso Share Buttons - https:\/\/www.hupso.com\/share\/ --><a class=\"hupso_counters\" href=\"https:\/\/www.hupso.com\/share\/\"><img decoding=\"async\" src=\"https:\/\/static.hupso.com\/share\/buttons\/lang\/fr\/share-small.png\" style=\"border:0px; padding-top:2px; float:left;\" alt=\"Share Button\"\/><\/a><script type=\"text\/javascript\">var hupso_services_c=new Array(\"twitter\",\"facebook_like\",\"facebook_send\",\"email\",\"print\",\"linkedin\");var hupso_counters_lang = \"fr_FR\";var hupso_image_folder_url = \"\";var hupso_twitter_via=\"BenoitRiviere14\";var hupso_url_c=\"\";var hupso_title_c=\"67%C3%A8me%20Congr%C3%A8s%20de%20l%E2%80%99Ordre%20des%20Experts-Comptables%20%3A%20quelques%20tendances\";<\/script><script type=\"text\/javascript\" src=\"https:\/\/static.hupso.com\/share\/js\/counters.js\"><\/script><!-- Hupso Share Buttons --><\/div>","protected":false},"excerpt":{"rendered":"<p>Le th\u00e8me du Congr\u00e8s 2012 \u00e9tait \u00ab l\u2019expert-comptable entrepreneur, une marque \u2013 une offre \u00bb, une th\u00e9matique d&#8217;actualit\u00e9 et moderne. Durant ma participation au Congr\u00e8s, j\u2019ai relev\u00e9 quelques tendances qu\u2019il m\u2019a sembl\u00e9 int\u00e9ressant de rapporter : D\u00e9veloppement de la communication client visant \u00e0 r\u00e9pondre au devoir de conseil, \u00e0 pr\u00e9senter la palette de prestations du &#8230;<\/p>\n<p><a href=\"https:\/\/www.auditsi.eu\/?p=2153\" class=\"more-link\">Continue reading &lsquo;67\u00e8me Congr\u00e8s de l\u2019Ordre des Experts-Comptables : quelques tendances&rsquo; &raquo;<\/a><\/p>\n<div style=\"padding-bottom:20px; padding-top:10px;\" class=\"hupso-share-buttons\"><!-- Hupso Share Buttons - https:\/\/www.hupso.com\/share\/ --><a class=\"hupso_counters\" href=\"https:\/\/www.hupso.com\/share\/\"><img src=\"https:\/\/static.hupso.com\/share\/buttons\/lang\/fr\/share-small.png\" style=\"border:0px; padding-top:2px; float:left;\" alt=\"Share Button\"\/><\/a><script type=\"text\/javascript\">var hupso_services_c=new Array(\"twitter\",\"facebook_like\",\"facebook_send\",\"email\",\"print\",\"linkedin\");var hupso_counters_lang = \"fr_FR\";var hupso_image_folder_url = \"\";var hupso_twitter_via=\"BenoitRiviere14\";var hupso_url_c=\"\";var hupso_title_c=\"67%C3%A8me%20Congr%C3%A8s%20de%20l%E2%80%99Ordre%20des%20Experts-Comptables%20%3A%20quelques%20tendances\";<\/script><script type=\"text\/javascript\" src=\"https:\/\/static.hupso.com\/share\/js\/counters.js\"><\/script><!-- Hupso Share Buttons --><\/div>","protected":false},"author":1,"featured_media":0,"comment_status":"open","ping_status":"open","sticky":false,"template":"","format":"standard","meta":{"advanced_seo_description":"","jetpack_seo_html_title":"","jetpack_seo_noindex":false,"ngg_post_thumbnail":0,"_jetpack_memberships_contains_paid_content":false,"footnotes":"","_links_to":"","_links_to_target":""},"categories":[7,49,175,419,30],"tags":[464,1086,1052,1097,1015,1090,1087,1099,493,1088,1093,1094,1091,360,1095,1092,1098,1637,1051,1096,1089,571],"class_list":["post-2153","post","type-post","status-publish","format-standard","hentry","category-breves","category-logiciels-daudit","category-pacioli","category-rencontres","category-sites-internet","tag-challenge-voile-des-experts-comptables","tag-communication","tag-congres-de-lordre-des-experts-comptables","tag-controller","tag-dec","tag-dematerialisation","tag-devoir-de-conseil","tag-dijon","tag-dirigeants","tag-fidelisation","tag-ged","tag-iso-9001","tag-lad","tag-logiciel-daudit","tag-manuel-de-procedure","tag-ocr","tag-onward","tag-pacioli","tag-paris","tag-patrimoine","tag-signexpert","tag-signature-electronique"],"jetpack_featured_media_url":"","jetpack_sharing_enabled":true,"jetpack_likes_enabled":false,"_links":{"self":[{"href":"https:\/\/www.auditsi.eu\/index.php?rest_route=\/wp\/v2\/posts\/2153","targetHints":{"allow":["GET"]}}],"collection":[{"href":"https:\/\/www.auditsi.eu\/index.php?rest_route=\/wp\/v2\/posts"}],"about":[{"href":"https:\/\/www.auditsi.eu\/index.php?rest_route=\/wp\/v2\/types\/post"}],"author":[{"embeddable":true,"href":"https:\/\/www.auditsi.eu\/index.php?rest_route=\/wp\/v2\/users\/1"}],"replies":[{"embeddable":true,"href":"https:\/\/www.auditsi.eu\/index.php?rest_route=%2Fwp%2Fv2%2Fcomments&post=2153"}],"version-history":[{"count":9,"href":"https:\/\/www.auditsi.eu\/index.php?rest_route=\/wp\/v2\/posts\/2153\/revisions"}],"predecessor-version":[{"id":2166,"href":"https:\/\/www.auditsi.eu\/index.php?rest_route=\/wp\/v2\/posts\/2153\/revisions\/2166"}],"wp:attachment":[{"href":"https:\/\/www.auditsi.eu\/index.php?rest_route=%2Fwp%2Fv2%2Fmedia&parent=2153"}],"wp:term":[{"taxonomy":"category","embeddable":true,"href":"https:\/\/www.auditsi.eu\/index.php?rest_route=%2Fwp%2Fv2%2Fcategories&post=2153"},{"taxonomy":"post_tag","embeddable":true,"href":"https:\/\/www.auditsi.eu\/index.php?rest_route=%2Fwp%2Fv2%2Ftags&post=2153"}],"curies":[{"name":"wp","href":"https:\/\/api.w.org\/{rel}","templated":true}]}}