{"id":159,"date":"2009-01-08T02:05:53","date_gmt":"2009-01-08T01:05:53","guid":{"rendered":"http:\/\/www.auditsi.eu\/?p=159"},"modified":"2011-09-20T13:37:21","modified_gmt":"2011-09-20T11:37:21","slug":"cure-d%e2%80%99amaigrissement-pour-les-ressources-affectees-aux-systemes-d%e2%80%99information","status":"publish","type":"post","link":"https:\/\/www.auditsi.eu\/?p=159","title":{"rendered":"Cure d\u2019amaigrissement pour les ressources affect\u00e9es aux syst\u00e8mes d\u2019information ?"},"content":{"rendered":"<p style=\"text-align: justify;\">Le contexte \u00e9conomique actuel n&#8217;est pas propice aux investissements mais plut\u00f4t \u00e0 l&#8217;attentisme. La situation des services administratifs, comptables et informatiques entre autres, ne sera pas des plus enviables, bien au contraire. Les entreprises seront largement tent\u00e9es de diff\u00e9rer les embauches de personnel et les renouvellements de mat\u00e9riels. Pour certaines, l&#8217;heure est d\u00e9j\u00e0 \u00e0 la r\u00e9duction des co\u00fbts&#8230; et des effectifs. La r\u00e9vision des politiques commerciales et la redistribution des moyens au sein de l&#8217;entreprise viseront \u00e0 privil\u00e9gier les services commerciaux et la production au d\u00e9triment des services \u00ab improductifs \u00bb. Pourtant ces services sont les supports, pour une large part, du syst\u00e8me d&#8217;information de l&#8217;entreprise.Cette situation ne sera pas sans cons\u00e9quence sur la qualit\u00e9 et le fonctionnement du syst\u00e8me d&#8217;information. Les baisses d&#8217;effectifs des services administratifs ont pour cons\u00e9quence des surcharges de travail des services concern\u00e9s, des retards chroniques, des contr\u00f4les et des proc\u00e9dures qui ne sont plus respect\u00e9s&#8230; A plus ou moins long terme, ces d\u00e9cisions s&#8217;av\u00e8reront contreproductives pour la bonne marche de l&#8217;entreprise&#8230; et pour le commissaire aux comptes.<\/p>\n<div id=\"polls-8\" class=\"wp-polls\">\n\t\t<p style=\"text-align: center;\"><strong>Avez-vous observ\u00e9 une baisse des moyens affect\u00e9s par les entreprises \u00e0 leur syst\u00e8me d'information ?<\/strong><\/p><div id=\"polls-8-ans\" class=\"wp-polls-ans\"><ul class=\"wp-polls-ul\">\n\t\t<li>Non <small>(100%, 3 Votes)<\/small><div class=\"pollbar\" style=\"width: 100%;\" title=\"Non (100% | 3 Votes)\"><\/div><\/li>\n\t\t<li>Oui <small>(0%, 0 Votes)<\/small><div class=\"pollbar\" style=\"width: 1%;\" title=\"Oui (0% | 0 Votes)\"><\/div><\/li>\n\t\t<\/ul><p style=\"text-align: center;\">Nombre de votants : <strong>3<\/strong><\/p><\/div>\n\t\t<input type=\"hidden\" id=\"poll_8_nonce\" name=\"wp-polls-nonce\" value=\"875487c8dc\" \/>\n<\/div>\n<div id=\"polls-8-loading\" class=\"wp-polls-loading\"><img loading=\"lazy\" decoding=\"async\" src=\"https:\/\/www.auditsi.eu\/wp-content\/plugins\/wp-polls\/images\/loading.gif\" width=\"16\" height=\"16\" alt=\"Chargement ...\" title=\"Chargement ...\" class=\"wp-polls-image\" \/>&nbsp;Chargement ...<\/div>\n\n<div style=\"padding-bottom:20px; padding-top:10px;\" class=\"hupso-share-buttons\"><!-- Hupso Share Buttons - https:\/\/www.hupso.com\/share\/ --><a class=\"hupso_counters\" href=\"https:\/\/www.hupso.com\/share\/\"><img decoding=\"async\" src=\"https:\/\/static.hupso.com\/share\/buttons\/lang\/fr\/share-small.png\" style=\"border:0px; padding-top:2px; float:left;\" alt=\"Share Button\"\/><\/a><script type=\"text\/javascript\">var hupso_services_c=new Array(\"twitter\",\"facebook_like\",\"facebook_send\",\"email\",\"print\",\"linkedin\");var hupso_counters_lang = \"fr_FR\";var hupso_image_folder_url = \"\";var hupso_twitter_via=\"BenoitRiviere14\";var hupso_url_c=\"\";var hupso_title_c=\"Cure%20d%E2%80%99amaigrissement%20pour%20les%20ressources%20affect%C3%A9es%20aux%20syst%C3%A8mes%20d%E2%80%99information%20%3F\";<\/script><script type=\"text\/javascript\" src=\"https:\/\/static.hupso.com\/share\/js\/counters.js\"><\/script><!-- Hupso Share Buttons --><\/div>","protected":false},"excerpt":{"rendered":"<p>Le contexte \u00e9conomique actuel n&#8217;est pas propice aux investissements mais plut\u00f4t \u00e0 l&#8217;attentisme. La situation des services administratifs, comptables et informatiques entre autres, ne sera pas des plus enviables, bien au contraire. Les entreprises seront largement tent\u00e9es de diff\u00e9rer les embauches de personnel et les renouvellements de mat\u00e9riels. Pour certaines, l&#8217;heure est d\u00e9j\u00e0 \u00e0 la &#8230;<\/p>\n<p><a href=\"https:\/\/www.auditsi.eu\/?p=159\" class=\"more-link\">Continue reading &lsquo;Cure d\u2019amaigrissement pour les ressources affect\u00e9es aux syst\u00e8mes d\u2019information ?&rsquo; &raquo;<\/a><\/p>\n<div style=\"padding-bottom:20px; padding-top:10px;\" class=\"hupso-share-buttons\"><!-- Hupso Share Buttons - https:\/\/www.hupso.com\/share\/ --><a class=\"hupso_counters\" href=\"https:\/\/www.hupso.com\/share\/\"><img src=\"https:\/\/static.hupso.com\/share\/buttons\/lang\/fr\/share-small.png\" style=\"border:0px; padding-top:2px; float:left;\" alt=\"Share Button\"\/><\/a><script type=\"text\/javascript\">var hupso_services_c=new Array(\"twitter\",\"facebook_like\",\"facebook_send\",\"email\",\"print\",\"linkedin\");var hupso_counters_lang = \"fr_FR\";var hupso_image_folder_url = \"\";var hupso_twitter_via=\"BenoitRiviere14\";var hupso_url_c=\"\";var hupso_title_c=\"Cure%20d%E2%80%99amaigrissement%20pour%20les%20ressources%20affect%C3%A9es%20aux%20syst%C3%A8mes%20d%E2%80%99information%20%3F\";<\/script><script type=\"text\/javascript\" src=\"https:\/\/static.hupso.com\/share\/js\/counters.js\"><\/script><!-- Hupso Share Buttons --><\/div>","protected":false},"author":1,"featured_media":0,"comment_status":"open","ping_status":"open","sticky":false,"template":"","format":"standard","meta":{"advanced_seo_description":"","jetpack_seo_html_title":"","jetpack_seo_noindex":false,"ngg_post_thumbnail":0,"_jetpack_memberships_contains_paid_content":false,"footnotes":"","_links_to":"","_links_to_target":""},"categories":[7,27,24],"tags":[47,1624],"class_list":["post-159","post","type-post","status-publish","format-standard","hentry","category-breves","category-sondages","category-systeme-dinformation","tag-crise-economique","tag-systeme-dinformation"],"jetpack_featured_media_url":"","jetpack_sharing_enabled":true,"jetpack_likes_enabled":false,"_links":{"self":[{"href":"https:\/\/www.auditsi.eu\/index.php?rest_route=\/wp\/v2\/posts\/159","targetHints":{"allow":["GET"]}}],"collection":[{"href":"https:\/\/www.auditsi.eu\/index.php?rest_route=\/wp\/v2\/posts"}],"about":[{"href":"https:\/\/www.auditsi.eu\/index.php?rest_route=\/wp\/v2\/types\/post"}],"author":[{"embeddable":true,"href":"https:\/\/www.auditsi.eu\/index.php?rest_route=\/wp\/v2\/users\/1"}],"replies":[{"embeddable":true,"href":"https:\/\/www.auditsi.eu\/index.php?rest_route=%2Fwp%2Fv2%2Fcomments&post=159"}],"version-history":[{"count":0,"href":"https:\/\/www.auditsi.eu\/index.php?rest_route=\/wp\/v2\/posts\/159\/revisions"}],"wp:attachment":[{"href":"https:\/\/www.auditsi.eu\/index.php?rest_route=%2Fwp%2Fv2%2Fmedia&parent=159"}],"wp:term":[{"taxonomy":"category","embeddable":true,"href":"https:\/\/www.auditsi.eu\/index.php?rest_route=%2Fwp%2Fv2%2Fcategories&post=159"},{"taxonomy":"post_tag","embeddable":true,"href":"https:\/\/www.auditsi.eu\/index.php?rest_route=%2Fwp%2Fv2%2Ftags&post=159"}],"curies":[{"name":"wp","href":"https:\/\/api.w.org\/{rel}","templated":true}]}}