{"id":12803,"date":"2025-07-29T12:06:58","date_gmt":"2025-07-29T10:06:58","guid":{"rendered":"https:\/\/www.auditsi.eu\/?p=12803"},"modified":"2025-07-31T17:12:41","modified_gmt":"2025-07-31T15:12:41","slug":"analyse-de-fec-en-ligne-avec-ana-fec2","status":"publish","type":"post","link":"https:\/\/www.auditsi.eu\/?p=12803","title":{"rendered":"Analyse de FEC en ligne avec ANA-FEC2 (manuel d&#8217;utilisation)"},"content":{"rendered":"<p style=\"text-align: justify;\">Analyser vos FEC en ligne, gratuitement, en illimit\u00e9, sans inscription et en toute confidentialit\u00e9 ! L&#8217;essayer c&#8217;est l&#8217;adopter !<\/p>\n<p style=\"text-align: justify;\">L&#8217;application en ligne <a href=\"https:\/\/www.auditsi.eu\/?page_id=12786\">ANA-FEC2<\/a> assure l&#8217;analyse de FEC (<a href=\"https:\/\/www.auditsi.eu\/?tag=fec\">Fichier des Ecritures Comptables<\/a>). Le r\u00e9sultat des analyses est export\u00e9 au format Excel.<\/p>\n<p><img loading=\"lazy\" decoding=\"async\" class=\"aligncenter size-full wp-image-12806\" src=\"https:\/\/www.auditsi.eu\/wp-content\/uploads\/2025\/07\/ANA-FEC2-Graphique-Benford.png\" alt=\"ANA-FEC2 Graphique Benford\" width=\"734\" height=\"416\" srcset=\"https:\/\/www.auditsi.eu\/wp-content\/uploads\/2025\/07\/ANA-FEC2-Graphique-Benford.png 734w, https:\/\/www.auditsi.eu\/wp-content\/uploads\/2025\/07\/ANA-FEC2-Graphique-Benford-300x170.png 300w, https:\/\/www.auditsi.eu\/wp-content\/uploads\/2025\/07\/ANA-FEC2-Graphique-Benford-730x414.png 730w\" sizes=\"auto, (max-width: 734px) 100vw, 734px\" \/><\/p>\n<p style=\"text-align: justify;\">Les fonctions impl\u00e9ment\u00e9es \u00e0 ce jour r\u00e9alisent les traitements suivants :<\/p>\n<ul>\n<li>G\u00e9n\u00e9rer la <strong>balance g\u00e9n\u00e9rale<\/strong> \u00e0 partir du FEC<\/li>\n<li>Exporter toutes les <strong>\u00e9critures comptables comprenant un compte g\u00e9n\u00e9ral<\/strong><\/li>\n<li>Soumettre un FEC \u00e0 la <strong>loi de Benford<\/strong> (recherche de fraudes \/ erreurs)<\/li>\n<li>Calculer le <strong>taux de TVA<\/strong> (d\u00e9ductible \/ collect\u00e9e) de chaque \u00e9criture comptable<\/li>\n<\/ul>\n<p style=\"text-align: justify;\"><strong><em>Fonctionnement g\u00e9n\u00e9ral :<\/em><\/strong><\/p>\n<p style=\"text-align: justify;\">Le fonctionnement de cette <strong>application est tr\u00e8s simple<\/strong> : l&#8217;utilisateur est invit\u00e9 \u00e0 s\u00e9lectionner un FEC puis, le cas \u00e9ch\u00e9ant, \u00e0 saisir les filtres de donn\u00e9es puis \u00e0 lancer un des quatre traitements.<\/p>\n<p><img loading=\"lazy\" decoding=\"async\" class=\"aligncenter size-full wp-image-12807\" src=\"https:\/\/www.auditsi.eu\/wp-content\/uploads\/2025\/07\/ANA-FEC2-Interface.png\" alt=\"ANA-FEC2 Interface\" width=\"708\" height=\"412\" srcset=\"https:\/\/www.auditsi.eu\/wp-content\/uploads\/2025\/07\/ANA-FEC2-Interface.png 708w, https:\/\/www.auditsi.eu\/wp-content\/uploads\/2025\/07\/ANA-FEC2-Interface-300x175.png 300w\" sizes=\"auto, (max-width: 708px) 100vw, 708px\" \/><\/p>\n<p style=\"text-align: justify;\"><strong><em>G\u00e9n\u00e9rer la balance Excel :<\/em><\/strong><\/p>\n<p style=\"text-align: justify;\">Filtres (facultatifs) : tous les filtres sont op\u00e9rationnels pour ce traitement.<\/p>\n<p><img loading=\"lazy\" decoding=\"async\" class=\"aligncenter size-full wp-image-12812\" src=\"https:\/\/www.auditsi.eu\/wp-content\/uploads\/2025\/07\/ANA-FEC2-Interface-Balance.png\" alt=\"ANA-FEC2 Interface Balance\" width=\"698\" height=\"410\" srcset=\"https:\/\/www.auditsi.eu\/wp-content\/uploads\/2025\/07\/ANA-FEC2-Interface-Balance.png 698w, https:\/\/www.auditsi.eu\/wp-content\/uploads\/2025\/07\/ANA-FEC2-Interface-Balance-300x176.png 300w\" sizes=\"auto, (max-width: 698px) 100vw, 698px\" \/><\/p>\n<p style=\"text-align: justify;\">La balance g\u00e9n\u00e9rale correspondant au FEC et aux filtres saisis par l&#8217;utilisateur (le cas \u00e9ch\u00e9ant) est g\u00e9n\u00e9r\u00e9e au format Excel.<\/p>\n<p style=\"text-align: justify;\">Exemple pour sortir une balance constitu\u00e9e uniquement avec les comptes qui commencent par 60, dont le libell\u00e9 d&#8217;\u00e9criture comprend le mot &#8220;achat&#8221; et dont l&#8217;\u00e9criture \u00e0 \u00e9t\u00e9 comptabilis\u00e9e en d\u00e9cembre (mois = 12) :<\/p>\n<p><img loading=\"lazy\" decoding=\"async\" class=\"aligncenter size-full wp-image-12813\" src=\"https:\/\/www.auditsi.eu\/wp-content\/uploads\/2025\/07\/ANA-FEC2-Interface-Balance-60-achat-mois-12.png\" alt=\"ANA-FEC2 Interface Balance 60 achat mois 12\" width=\"491\" height=\"191\" srcset=\"https:\/\/www.auditsi.eu\/wp-content\/uploads\/2025\/07\/ANA-FEC2-Interface-Balance-60-achat-mois-12.png 491w, https:\/\/www.auditsi.eu\/wp-content\/uploads\/2025\/07\/ANA-FEC2-Interface-Balance-60-achat-mois-12-300x117.png 300w\" sizes=\"auto, (max-width: 491px) 100vw, 491px\" \/><\/p>\n<p style=\"text-align: justify;\">Balance Excel obtenue :<\/p>\n<p><img loading=\"lazy\" decoding=\"async\" class=\"aligncenter size-full wp-image-12814\" src=\"https:\/\/www.auditsi.eu\/wp-content\/uploads\/2025\/07\/ANA-FEC2-Balance-60-achat-mois-12.png\" alt=\"ANA-FEC2 Balance 60 achat mois 12\" width=\"633\" height=\"178\" srcset=\"https:\/\/www.auditsi.eu\/wp-content\/uploads\/2025\/07\/ANA-FEC2-Balance-60-achat-mois-12.png 633w, https:\/\/www.auditsi.eu\/wp-content\/uploads\/2025\/07\/ANA-FEC2-Balance-60-achat-mois-12-300x84.png 300w\" sizes=\"auto, (max-width: 633px) 100vw, 633px\" \/><\/p>\n<p style=\"text-align: justify;\"><strong><em>Exporter \u00e9critures comprenant Compte :<\/em><\/strong><\/p>\n<p style=\"text-align: justify;\">Filtre (obligatoire) : num\u00e9ro de compte. Les autres filtres ne sont pas op\u00e9rants avec cette fonction.<\/p>\n<p><img loading=\"lazy\" decoding=\"async\" class=\"aligncenter size-full wp-image-12816\" src=\"https:\/\/www.auditsi.eu\/wp-content\/uploads\/2025\/07\/ANA-FEC2-Interface-Ecritures-Compte.png\" alt=\"ANA-FEC2 Interface Ecritures Compte\" width=\"697\" height=\"335\" srcset=\"https:\/\/www.auditsi.eu\/wp-content\/uploads\/2025\/07\/ANA-FEC2-Interface-Ecritures-Compte.png 697w, https:\/\/www.auditsi.eu\/wp-content\/uploads\/2025\/07\/ANA-FEC2-Interface-Ecritures-Compte-300x144.png 300w\" sizes=\"auto, (max-width: 697px) 100vw, 697px\" \/><\/p>\n<p style=\"text-align: justify;\">Cette fonctionnalit\u00e9 exporte dans un classeur Excel toutes les \u00e9critures dont au moins un compte correspond au crit\u00e8re d\u00e9sign\u00e9 par le filtre.<\/p>\n<p style=\"text-align: justify;\"><img loading=\"lazy\" decoding=\"async\" class=\"aligncenter size-full wp-image-12817\" src=\"https:\/\/www.auditsi.eu\/wp-content\/uploads\/2025\/07\/ANA-FEC2-Ecritures-Compte.png\" alt=\"ANA-FEC2 Ecritures Compte\" width=\"978\" height=\"226\" srcset=\"https:\/\/www.auditsi.eu\/wp-content\/uploads\/2025\/07\/ANA-FEC2-Ecritures-Compte.png 978w, https:\/\/www.auditsi.eu\/wp-content\/uploads\/2025\/07\/ANA-FEC2-Ecritures-Compte-300x69.png 300w, https:\/\/www.auditsi.eu\/wp-content\/uploads\/2025\/07\/ANA-FEC2-Ecritures-Compte-768x177.png 768w, https:\/\/www.auditsi.eu\/wp-content\/uploads\/2025\/07\/ANA-FEC2-Ecritures-Compte-730x169.png 730w\" sizes=\"auto, (max-width: 978px) 100vw, 978px\" \/><\/p>\n<p style=\"text-align: justify;\"><strong><em>Analyse loi de Benford :<\/em><\/strong><\/p>\n<p style=\"text-align: justify;\">Filtres actifs (facultatifs) : num\u00e9ro de compte, mois et code journal.<\/p>\n<p><img loading=\"lazy\" decoding=\"async\" class=\"aligncenter size-full wp-image-12818\" src=\"https:\/\/www.auditsi.eu\/wp-content\/uploads\/2025\/07\/ANA-FEC2-Interface-Benford.png\" alt=\"ANA-FEC2 Interface Benford\" width=\"698\" height=\"333\" srcset=\"https:\/\/www.auditsi.eu\/wp-content\/uploads\/2025\/07\/ANA-FEC2-Interface-Benford.png 698w, https:\/\/www.auditsi.eu\/wp-content\/uploads\/2025\/07\/ANA-FEC2-Interface-Benford-300x143.png 300w\" sizes=\"auto, (max-width: 698px) 100vw, 698px\" \/><\/p>\n<p style=\"text-align: justify;\">Une fois les calculs termin\u00e9s, le graphique de la distribution des occurrences th\u00e9oriques \/ observ\u00e9es des chiffres significatifs (<a href=\"https:\/\/www.auditsi.eu\/?p=4199\">pour plus d&#8217;infos, cf ici<\/a>) s&#8217;affiche :<\/p>\n<p><img loading=\"lazy\" decoding=\"async\" class=\"aligncenter size-full wp-image-12819\" src=\"https:\/\/www.auditsi.eu\/wp-content\/uploads\/2025\/07\/ANA-FEC2-Graphique-Loi-Benford.png\" alt=\"ANA-FEC2 Graphique Loi Benford\" width=\"743\" height=\"457\" srcset=\"https:\/\/www.auditsi.eu\/wp-content\/uploads\/2025\/07\/ANA-FEC2-Graphique-Loi-Benford.png 743w, https:\/\/www.auditsi.eu\/wp-content\/uploads\/2025\/07\/ANA-FEC2-Graphique-Loi-Benford-300x185.png 300w, https:\/\/www.auditsi.eu\/wp-content\/uploads\/2025\/07\/ANA-FEC2-Graphique-Loi-Benford-730x449.png 730w\" sizes=\"auto, (max-width: 743px) 100vw, 743px\" \/><\/p>\n<p style=\"text-align: justify;\">Le d\u00e9tail du calcul et les lignes d&#8217;\u00e9criture sont t\u00e9l\u00e9chargeables au format Excel.<\/p>\n<p style=\"text-align: justify;\"><strong><em>Analyse de la TVA :<\/em><\/strong><\/p>\n<p style=\"text-align: justify;\">Filtres actifs (facultatifs) : mois et code journal.<\/p>\n<p><img loading=\"lazy\" decoding=\"async\" class=\"aligncenter size-full wp-image-12821\" src=\"https:\/\/www.auditsi.eu\/wp-content\/uploads\/2025\/07\/ANA-FEC2-Interface-TVA.png\" alt=\"ANA-FEC2 Interface TVA\" width=\"696\" height=\"331\" srcset=\"https:\/\/www.auditsi.eu\/wp-content\/uploads\/2025\/07\/ANA-FEC2-Interface-TVA.png 696w, https:\/\/www.auditsi.eu\/wp-content\/uploads\/2025\/07\/ANA-FEC2-Interface-TVA-300x143.png 300w\" sizes=\"auto, (max-width: 696px) 100vw, 696px\" \/><\/p>\n<p style=\"text-align: justify;\">Cette fonction <strong>calcule le taux de TVA<\/strong> (d\u00e9ductible et collect\u00e9e) de chaque \u00e9criture et g\u00e9n\u00e8re un classeur Excel reprenant l&#8217;ensemble des \u00e9critures extraites du FEC avec de nouveaux champs de donn\u00e9es (base TVA, montant TVA et taux de TVA).<\/p>\n<p><img loading=\"lazy\" decoding=\"async\" class=\"aligncenter size-full wp-image-12823\" src=\"https:\/\/www.auditsi.eu\/wp-content\/uploads\/2025\/07\/ANA-FEC2-TVA.png\" alt=\"ANA-FEC2 TVA\" width=\"1252\" height=\"357\" srcset=\"https:\/\/www.auditsi.eu\/wp-content\/uploads\/2025\/07\/ANA-FEC2-TVA.png 1252w, https:\/\/www.auditsi.eu\/wp-content\/uploads\/2025\/07\/ANA-FEC2-TVA-300x86.png 300w, https:\/\/www.auditsi.eu\/wp-content\/uploads\/2025\/07\/ANA-FEC2-TVA-1024x292.png 1024w, https:\/\/www.auditsi.eu\/wp-content\/uploads\/2025\/07\/ANA-FEC2-TVA-768x219.png 768w, https:\/\/www.auditsi.eu\/wp-content\/uploads\/2025\/07\/ANA-FEC2-TVA-730x208.png 730w\" sizes=\"auto, (max-width: 1252px) 100vw, 1252px\" \/><\/p>\n<p style=\"text-align: justify;\">Le champ TauxTVAEcriture facilite l&#8217;<a href=\"https:\/\/www.auditsi.eu\/?p=4265\"><strong>audit de la TVA<\/strong><\/a> : taux de TVA factur\u00e9e (TVA collect\u00e9e), contr\u00f4le de la TVA d\u00e9duite (carburant 80 % sur les v\u00e9hicules particuliers, 0 % sur les acquisitions, locations et r\u00e9parations des v\u00e9hicules de tourisme&#8230;), <a href=\"https:\/\/www.auditsi.eu\/?tag=inversion-de-tvaht\"><strong>inversion HT \/ TVA<\/strong><\/a>&#8230;<\/p>\n<p style=\"text-align: justify;\"><strong><em>Analyse des sch\u00e9mas d&#8217;\u00e9criture :<\/em><\/strong><\/p>\n<p style=\"text-align: justify;\">Filtres actifs (facultatifs) : mois et code journal.<\/p>\n<p>Cette fonction calcule un nouveau champ (SchemaEcriture) qui r\u00e9sume les \u00e9critures comptables sur leurs racines comptables sur trois positions.<\/p>\n<p><img loading=\"lazy\" decoding=\"async\" class=\"aligncenter size-full wp-image-12831\" src=\"https:\/\/www.auditsi.eu\/wp-content\/uploads\/2025\/07\/ANA-FEC2-SchemEcrit.png\" alt=\"ANA-FEC2 Sch\u00e9mEcrit\" width=\"1237\" height=\"290\" srcset=\"https:\/\/www.auditsi.eu\/wp-content\/uploads\/2025\/07\/ANA-FEC2-SchemEcrit.png 1237w, https:\/\/www.auditsi.eu\/wp-content\/uploads\/2025\/07\/ANA-FEC2-SchemEcrit-300x70.png 300w, https:\/\/www.auditsi.eu\/wp-content\/uploads\/2025\/07\/ANA-FEC2-SchemEcrit-1024x240.png 1024w, https:\/\/www.auditsi.eu\/wp-content\/uploads\/2025\/07\/ANA-FEC2-SchemEcrit-768x180.png 768w, https:\/\/www.auditsi.eu\/wp-content\/uploads\/2025\/07\/ANA-FEC2-SchemEcrit-730x171.png 730w\" sizes=\"auto, (max-width: 1237px) 100vw, 1237px\" \/><\/p>\n<p style=\"text-align: justify;\">L&#8217;analyse des sch\u00e9mas d&#8217;\u00e9criture permet de valider leur conformit\u00e9 et de d\u00e9celer les \u00e9ventuelles anomalies d&#8217;enregistrement. Pour plus d&#8217;informations sur les sch\u00e9mas d&#8217;\u00e9criture, <a href=\"https:\/\/www.auditsi.eu\/?p=9118\">cliquer ici<\/a>.<\/p>\n<p style=\"text-align: justify;\"><strong><em>Classeur Excel g\u00e9n\u00e9r\u00e9 par ANA-FEC2 :<\/em><\/strong><\/p>\n<p style=\"text-align: justify;\">Tous les classeurs Excel g\u00e9n\u00e9r\u00e9 par l&#8217;application comprennent un onglet intitul\u00e9 ANA-FEC2 qui :<\/p>\n<ul>\n<li>Mentionne la date du traitement, le nom du FEC ;<\/li>\n<li>Fournit un <strong>lien hypertexte vers la <a href=\"https:\/\/www.auditsi.eu\/?s=pappers&amp;submit=Search\">fiche d&#8217;informations juridiques Pappers<\/a><\/strong> de l&#8217;entreprise (\u00e0 partir du num\u00e9ro SIREN compris dans le nom du FEC) ;<\/li>\n<li>Reprend les filtres appliqu\u00e9s au FEC.<\/li>\n<\/ul>\n<p><img loading=\"lazy\" decoding=\"async\" class=\"aligncenter size-full wp-image-12827\" src=\"https:\/\/www.auditsi.eu\/wp-content\/uploads\/2025\/07\/ANA-FEC2-Onglet-ANA-FEC2.png\" alt=\"ANA-FEC2 Onglet ANA-FEC2\" width=\"855\" height=\"349\" srcset=\"https:\/\/www.auditsi.eu\/wp-content\/uploads\/2025\/07\/ANA-FEC2-Onglet-ANA-FEC2.png 855w, https:\/\/www.auditsi.eu\/wp-content\/uploads\/2025\/07\/ANA-FEC2-Onglet-ANA-FEC2-300x122.png 300w, https:\/\/www.auditsi.eu\/wp-content\/uploads\/2025\/07\/ANA-FEC2-Onglet-ANA-FEC2-768x313.png 768w, https:\/\/www.auditsi.eu\/wp-content\/uploads\/2025\/07\/ANA-FEC2-Onglet-ANA-FEC2-730x298.png 730w\" sizes=\"auto, (max-width: 855px) 100vw, 855px\" \/><\/p>\n<p style=\"text-align: justify;\"><strong>Cliquer sur <a href=\"https:\/\/www.auditsi.eu\/?page_id=12786\">ANA-FEC2<\/a> pour acc\u00e9der \u00e0 l&#8217;application<\/strong>.<\/p>\n<p style=\"text-align: justify;\"><strong>Confidentialit\u00e9<\/strong>&nbsp;: toutes les donn\u00e9es restent sur le poste de l\u2019utilisateur (aucune donn\u00e9e n\u2019est transf\u00e9r\u00e9e sur le serveur) et les calculs sont effectu\u00e9s en local.<\/p>\n<p style=\"text-align: justify;\">___<\/p>\n<p style=\"text-align: justify;\">Article bas\u00e9 sur ANA-FEC2 V1.30beta (31\/07\/2025)<\/p>\n<div style=\"padding-bottom:20px; padding-top:10px;\" class=\"hupso-share-buttons\"><!-- Hupso Share Buttons - https:\/\/www.hupso.com\/share\/ --><a class=\"hupso_counters\" href=\"https:\/\/www.hupso.com\/share\/\"><img decoding=\"async\" src=\"https:\/\/static.hupso.com\/share\/buttons\/lang\/fr\/share-small.png\" style=\"border:0px; padding-top:2px; float:left;\" alt=\"Share Button\"\/><\/a><script type=\"text\/javascript\">var hupso_services_c=new Array(\"twitter\",\"facebook_like\",\"facebook_send\",\"email\",\"print\",\"linkedin\");var hupso_counters_lang = \"fr_FR\";var hupso_image_folder_url = \"\";var hupso_twitter_via=\"BenoitRiviere14\";var hupso_url_c=\"\";var hupso_title_c=\"Analyse%20de%20FEC%20en%20ligne%20avec%20ANA-FEC2%20%28manuel%20d%27utilisation%29\";<\/script><script type=\"text\/javascript\" src=\"https:\/\/static.hupso.com\/share\/js\/counters.js\"><\/script><!-- Hupso Share Buttons --><\/div>","protected":false},"excerpt":{"rendered":"<p>Analyser vos FEC en ligne, gratuitement, en illimit\u00e9, sans inscription et en toute confidentialit\u00e9 ! L&#8217;essayer c&#8217;est l&#8217;adopter ! L&#8217;application en ligne ANA-FEC2 assure l&#8217;analyse de FEC (Fichier des Ecritures Comptables). Le r\u00e9sultat des analyses est export\u00e9 au format Excel. Les fonctions impl\u00e9ment\u00e9es \u00e0 ce jour r\u00e9alisent les traitements suivants : G\u00e9n\u00e9rer la balance g\u00e9n\u00e9rale &#8230;<\/p>\n<p><a href=\"https:\/\/www.auditsi.eu\/?p=12803\" class=\"more-link\">Continue reading &lsquo;Analyse de FEC en ligne avec ANA-FEC2 (manuel d&#8217;utilisation)&rsquo; &raquo;<\/a><\/p>\n<div style=\"padding-bottom:20px; padding-top:10px;\" class=\"hupso-share-buttons\"><!-- Hupso Share Buttons - https:\/\/www.hupso.com\/share\/ --><a class=\"hupso_counters\" href=\"https:\/\/www.hupso.com\/share\/\"><img src=\"https:\/\/static.hupso.com\/share\/buttons\/lang\/fr\/share-small.png\" style=\"border:0px; padding-top:2px; float:left;\" alt=\"Share Button\"\/><\/a><script type=\"text\/javascript\">var hupso_services_c=new Array(\"twitter\",\"facebook_like\",\"facebook_send\",\"email\",\"print\",\"linkedin\");var hupso_counters_lang = \"fr_FR\";var hupso_image_folder_url = \"\";var hupso_twitter_via=\"BenoitRiviere14\";var hupso_url_c=\"\";var hupso_title_c=\"Analyse%20de%20FEC%20en%20ligne%20avec%20ANA-FEC2%20%28manuel%20d%27utilisation%29\";<\/script><script type=\"text\/javascript\" src=\"https:\/\/static.hupso.com\/share\/js\/counters.js\"><\/script><!-- Hupso Share Buttons --><\/div>","protected":false},"author":1,"featured_media":0,"comment_status":"open","ping_status":"open","sticky":false,"template":"","format":"standard","meta":{"advanced_seo_description":"","jetpack_seo_html_title":"","jetpack_seo_noindex":false,"ngg_post_thumbnail":0,"_jetpack_memberships_contains_paid_content":false,"footnotes":"","_links_to":"","_links_to_target":""},"categories":[3327,50,40,800],"tags":[1961,1981,173,356,1691,153,1210,1211,640,639,394,1261,2539,1962,2336],"class_list":["post-12803","post","type-post","status-publish","format-standard","hentry","category-ana-fec2","category-audit-de-donnees","category-controle-des-comptes","category-cycle-fiscalite","tag-ana-fec","tag-audit-de-la-tva","tag-balance-generale","tag-detection-de-la-fraude","tag-ecritures-comptables","tag-erreur","tag-fec","tag-fichier-des-ecritures-comptables","tag-inversion-de-tvaht","tag-loi-de-benford","tag-nep-240","tag-taux-de-tva","tag-tva-collectee","tag-tva-deductible","tag-www-pappers-fr"],"jetpack_featured_media_url":"","jetpack_sharing_enabled":true,"jetpack_likes_enabled":false,"_links":{"self":[{"href":"https:\/\/www.auditsi.eu\/index.php?rest_route=\/wp\/v2\/posts\/12803","targetHints":{"allow":["GET"]}}],"collection":[{"href":"https:\/\/www.auditsi.eu\/index.php?rest_route=\/wp\/v2\/posts"}],"about":[{"href":"https:\/\/www.auditsi.eu\/index.php?rest_route=\/wp\/v2\/types\/post"}],"author":[{"embeddable":true,"href":"https:\/\/www.auditsi.eu\/index.php?rest_route=\/wp\/v2\/users\/1"}],"replies":[{"embeddable":true,"href":"https:\/\/www.auditsi.eu\/index.php?rest_route=%2Fwp%2Fv2%2Fcomments&post=12803"}],"version-history":[{"count":14,"href":"https:\/\/www.auditsi.eu\/index.php?rest_route=\/wp\/v2\/posts\/12803\/revisions"}],"predecessor-version":[{"id":12841,"href":"https:\/\/www.auditsi.eu\/index.php?rest_route=\/wp\/v2\/posts\/12803\/revisions\/12841"}],"wp:attachment":[{"href":"https:\/\/www.auditsi.eu\/index.php?rest_route=%2Fwp%2Fv2%2Fmedia&parent=12803"}],"wp:term":[{"taxonomy":"category","embeddable":true,"href":"https:\/\/www.auditsi.eu\/index.php?rest_route=%2Fwp%2Fv2%2Fcategories&post=12803"},{"taxonomy":"post_tag","embeddable":true,"href":"https:\/\/www.auditsi.eu\/index.php?rest_route=%2Fwp%2Fv2%2Ftags&post=12803"}],"curies":[{"name":"wp","href":"https:\/\/api.w.org\/{rel}","templated":true}]}}