{"id":12578,"date":"2024-10-09T23:48:28","date_gmt":"2024-10-09T21:48:28","guid":{"rendered":"https:\/\/www.auditsi.eu\/?p=12578"},"modified":"2024-10-09T23:48:28","modified_gmt":"2024-10-09T21:48:28","slug":"les-donnees-de-la-facturation-electronique","status":"publish","type":"post","link":"https:\/\/www.auditsi.eu\/?p=12578","title":{"rendered":"Les donn\u00e9es de la facturation \u00e9lectronique"},"content":{"rendered":"<p style=\"text-align: justify;\">Le SIC MAG (revue de l&#8217;Ordre des experts-comptables) de septembre publie une infographie int\u00e9ressante sur les <strong>donn\u00e9es de la facturation \u00e9lectronique<\/strong>. Pour m\u00e9moire, la <a href=\"https:\/\/www.auditsi.eu\/?p=11850\">d\u00e9mat\u00e9rialisation de la facturation est obligatoire \u00e0 compter de 2026<\/a>.<\/p>\n<p style=\"text-align: justify;\">Les entreprises auront la possibilit\u00e9 de se constituer une fabuleuse <strong>mine de donn\u00e9es<\/strong> \u00e0 partir des donn\u00e9es contenues dans les factures d&#8217;achats.<\/p>\n<p><img loading=\"lazy\" decoding=\"async\" class=\"aligncenter size-full wp-image-12579\" src=\"https:\/\/www.auditsi.eu\/wp-content\/uploads\/2024\/10\/SIC-440-09-2024-DONNEES-FACT-ELECTR.png\" alt=\"SIC 440 09-2024 DONNEES FACT ELECTR\" width=\"706\" height=\"834\" srcset=\"https:\/\/www.auditsi.eu\/wp-content\/uploads\/2024\/10\/SIC-440-09-2024-DONNEES-FACT-ELECTR.png 706w, https:\/\/www.auditsi.eu\/wp-content\/uploads\/2024\/10\/SIC-440-09-2024-DONNEES-FACT-ELECTR-254x300.png 254w\" sizes=\"auto, (max-width: 706px) 100vw, 706px\" \/><\/p>\n<p style=\"text-align: justify;\">A condition, bien entendu d&#8217;<strong>exploiter les flux EDI<\/strong>.<\/p>\n<p style=\"text-align: justify;\">La <strong>collecte des lignes de factures<\/strong> (r\u00e9f\u00e9rences, prix unitaires&#8230;) pourra <strong>alimenter une base de donn\u00e9es<\/strong> permettant par la suite de croiser les tarifs pratiqu\u00e9s par les fournisseurs avec un r\u00e9f\u00e9rentiel, d\u00e9celer les \u00e9carts de prix entre la facture et le contrat-cadre ou entre fournisseurs, les augmentations tarifaires&#8230; Ces informations sont <strong>compl\u00e9mentaires<\/strong> des donn\u00e9es port\u00e9es en comptabilit\u00e9 (<strong>FEC<\/strong>) et qui correspondent aux <strong>ent\u00eates et pieds de factures<\/strong> (nom du fournisseurs, num\u00e9ro et date de facture, montants HT et TTC&#8230;).<\/p>\n<p style=\"text-align: justify;\">Retrouvez ce num\u00e9ro et les pr\u00e9c\u00e9dents sur le <a href=\"https:\/\/www.experts-comptables.fr\/sic-emissions-evenements-presse\/sic-webzine\/tous-les-sic-mag\" target=\"_blank\" rel=\"noopener\">site des experts-comptable<\/a>.<\/p>\n<p style=\"text-align: justify;\">Autres articles int\u00e9ressants dans ce num\u00e9ro :<\/p>\n<ul>\n<li><em>Management fees<\/em> : Des d\u00e9ductions fiscales d\u00e9sormais possibles ?<\/li>\n<li>Arr\u00eat maladie et cong\u00e9s pay\u00e9s : Quelles cons\u00e9quences comptables \u00e0 la cl\u00f4ture des comptes ?<\/li>\n<li>Partage de la valeur en entreprise : Quelles nouvelles obligations au 1er janvier 2025 ?<\/li>\n<\/ul>\n<div id=\"sconnect-is-installed\" style=\"display: none;\">2.13.0.0<\/div>\n<div style=\"padding-bottom:20px; padding-top:10px;\" class=\"hupso-share-buttons\"><!-- Hupso Share Buttons - https:\/\/www.hupso.com\/share\/ --><a class=\"hupso_counters\" href=\"https:\/\/www.hupso.com\/share\/\"><img decoding=\"async\" src=\"https:\/\/static.hupso.com\/share\/buttons\/lang\/fr\/share-small.png\" style=\"border:0px; padding-top:2px; float:left;\" alt=\"Share Button\"\/><\/a><script type=\"text\/javascript\">var hupso_services_c=new Array(\"twitter\",\"facebook_like\",\"facebook_send\",\"email\",\"print\",\"linkedin\");var hupso_counters_lang = \"fr_FR\";var hupso_image_folder_url = \"\";var hupso_twitter_via=\"BenoitRiviere14\";var hupso_url_c=\"\";var hupso_title_c=\"Les%20donn%C3%A9es%20de%20la%20facturation%20%C3%A9lectronique\";<\/script><script type=\"text\/javascript\" src=\"https:\/\/static.hupso.com\/share\/js\/counters.js\"><\/script><!-- Hupso Share Buttons --><\/div>","protected":false},"excerpt":{"rendered":"<p>Le SIC MAG (revue de l&#8217;Ordre des experts-comptables) de septembre publie une infographie int\u00e9ressante sur les donn\u00e9es de la facturation \u00e9lectronique. Pour m\u00e9moire, la d\u00e9mat\u00e9rialisation de la facturation est obligatoire \u00e0 compter de 2026. Les entreprises auront la possibilit\u00e9 de se constituer une fabuleuse mine de donn\u00e9es \u00e0 partir des donn\u00e9es contenues dans les factures &#8230;<\/p>\n<p><a href=\"https:\/\/www.auditsi.eu\/?p=12578\" class=\"more-link\">Continue reading &lsquo;Les donn\u00e9es de la facturation \u00e9lectronique&rsquo; &raquo;<\/a><\/p>\n<div style=\"padding-bottom:20px; padding-top:10px;\" class=\"hupso-share-buttons\"><!-- Hupso Share Buttons - https:\/\/www.hupso.com\/share\/ --><a class=\"hupso_counters\" href=\"https:\/\/www.hupso.com\/share\/\"><img src=\"https:\/\/static.hupso.com\/share\/buttons\/lang\/fr\/share-small.png\" style=\"border:0px; padding-top:2px; float:left;\" alt=\"Share Button\"\/><\/a><script type=\"text\/javascript\">var hupso_services_c=new Array(\"twitter\",\"facebook_like\",\"facebook_send\",\"email\",\"print\",\"linkedin\");var hupso_counters_lang = \"fr_FR\";var hupso_image_folder_url = \"\";var hupso_twitter_via=\"BenoitRiviere14\";var hupso_url_c=\"\";var hupso_title_c=\"Les%20donn%C3%A9es%20de%20la%20facturation%20%C3%A9lectronique\";<\/script><script type=\"text\/javascript\" src=\"https:\/\/static.hupso.com\/share\/js\/counters.js\"><\/script><!-- Hupso Share Buttons --><\/div>","protected":false},"author":1,"featured_media":0,"comment_status":"open","ping_status":"open","sticky":false,"template":"","format":"standard","meta":{"advanced_seo_description":"","jetpack_seo_html_title":"","jetpack_seo_noindex":false,"ngg_post_thumbnail":0,"_jetpack_memberships_contains_paid_content":false,"footnotes":"","_links_to":"","_links_to_target":""},"categories":[31,7,800,490],"tags":[1277,3280,1113,714,1090,254,3286,2400,662,1210,3283,3284,3279,3281,3285,3282,1165],"class_list":["post-12578","post","type-post","status-publish","format-standard","hentry","category-articles-de-magazine-journal","category-breves","category-cycle-fiscalite","category-cycle-fournisseurs-controle-des-comptes","tag-achats","tag-arret-maladie","tag-comptabilite-dematerialisee","tag-conges","tag-dematerialisation","tag-edi","tag-entete-de-facture","tag-facturation-electronique","tag-facture-dachat","tag-fec","tag-holding","tag-lignes-de-factures","tag-lpv","tag-management-fees","tag-pied-de-facture","tag-prestations-de-direction","tag-sic"],"jetpack_featured_media_url":"","jetpack_sharing_enabled":true,"jetpack_likes_enabled":false,"_links":{"self":[{"href":"https:\/\/www.auditsi.eu\/index.php?rest_route=\/wp\/v2\/posts\/12578","targetHints":{"allow":["GET"]}}],"collection":[{"href":"https:\/\/www.auditsi.eu\/index.php?rest_route=\/wp\/v2\/posts"}],"about":[{"href":"https:\/\/www.auditsi.eu\/index.php?rest_route=\/wp\/v2\/types\/post"}],"author":[{"embeddable":true,"href":"https:\/\/www.auditsi.eu\/index.php?rest_route=\/wp\/v2\/users\/1"}],"replies":[{"embeddable":true,"href":"https:\/\/www.auditsi.eu\/index.php?rest_route=%2Fwp%2Fv2%2Fcomments&post=12578"}],"version-history":[{"count":1,"href":"https:\/\/www.auditsi.eu\/index.php?rest_route=\/wp\/v2\/posts\/12578\/revisions"}],"predecessor-version":[{"id":12580,"href":"https:\/\/www.auditsi.eu\/index.php?rest_route=\/wp\/v2\/posts\/12578\/revisions\/12580"}],"wp:attachment":[{"href":"https:\/\/www.auditsi.eu\/index.php?rest_route=%2Fwp%2Fv2%2Fmedia&parent=12578"}],"wp:term":[{"taxonomy":"category","embeddable":true,"href":"https:\/\/www.auditsi.eu\/index.php?rest_route=%2Fwp%2Fv2%2Fcategories&post=12578"},{"taxonomy":"post_tag","embeddable":true,"href":"https:\/\/www.auditsi.eu\/index.php?rest_route=%2Fwp%2Fv2%2Ftags&post=12578"}],"curies":[{"name":"wp","href":"https:\/\/api.w.org\/{rel}","templated":true}]}}