{"id":10708,"date":"2023-02-13T06:57:12","date_gmt":"2023-02-13T05:57:12","guid":{"rendered":"https:\/\/www.auditsi.eu\/?p=10708"},"modified":"2023-02-14T15:50:41","modified_gmt":"2023-02-14T14:50:41","slug":"reglement-anc-n-2022-06-relatif-a-la-modernisation-des-etats-financiers-4eme-partie-tableau-de-passage-entre-le-plan-de-comptes-et-les-rubriques-des-etats-financiers","status":"publish","type":"post","link":"https:\/\/www.auditsi.eu\/?p=10708","title":{"rendered":"R\u00e8glement ANC n\u00b0 2022-06 relatif \u00e0 la modernisation des \u00e9tats financiers : 4\u00e8me partie &#8211; Tableau de passage entre le plan de comptes et les rubriques des \u00e9tats financiers"},"content":{"rendered":"<p style=\"text-align: justify;\">Le Coll\u00e8ge de l\u2019Autorit\u00e9 des normes comptables (ANC) du 4 novembre 2022 a adopt\u00e9 le projet de <strong>r\u00e8glement N\u00b0 2022-06<\/strong> modifiant le <strong>plan comptable g\u00e9n\u00e9ral<\/strong> (PCG) en vue de moderniser les \u00e9tats financiers et la nomenclature des comptes. Le R\u00e8glement, en cours d&#8217;homologation, <strong>entrera en vigueur<\/strong> pour les comptes des exercices ouverts \u00e0 compter du <strong>1er janvier 2025<\/strong>.<\/p>\n<p><img loading=\"lazy\" decoding=\"async\" class=\"aligncenter size-full wp-image-5196\" src=\"https:\/\/www.auditsi.eu\/wp-content\/uploads\/2014\/07\/Logo-ANC.jpg\" alt=\"Logo ANC\" width=\"371\" height=\"269\" srcset=\"https:\/\/www.auditsi.eu\/wp-content\/uploads\/2014\/07\/Logo-ANC.jpg 371w, https:\/\/www.auditsi.eu\/wp-content\/uploads\/2014\/07\/Logo-ANC-300x217.jpg 300w\" sizes=\"auto, (max-width: 371px) 100vw, 371px\" \/><\/p>\n<p style=\"text-align: justify;\">Ce r\u00e8glement a pour effet de <strong>supprimer le syst\u00e8me des transferts de charges<\/strong> et de drastiquement <strong>r\u00e9duire le p\u00e9rim\u00e8tre du r\u00e9sultat exceptionnel<\/strong>. Ces deux bouleversements auront pour effet <strong>modifier le plan de comptes<\/strong> des entreprises, les <strong>sch\u00e9mas d&#8217;\u00e9critures comptables<\/strong>, le tableau de <strong>passage entre le plan de comptes et les rubriques des \u00e9tats financiers<\/strong>. Enfin, cette r\u00e9forme a des impacts sur le calcul de la <strong>valeur ajout\u00e9e CVAE<\/strong> <sup>(1)<\/sup> et sur celui de la <strong>r\u00e9serve sp\u00e9ciale de participation (RSP)<\/strong>.<\/p>\n<p style=\"text-align: justify;\">Tous ces bouleversements et leurs impacts doivent \u00eatre anticip\u00e9s avant leur mise en application au plus tard en 2025.<\/p>\n<p style=\"text-align: justify;\">Ce sujet est trait\u00e9 en cinq parties :<\/p>\n<ul>\n<li>PARTIE I : <a href=\"https:\/\/www.auditsi.eu\/?p=10729\">Suppression de la technique des transferts de charges<\/a><\/li>\n<li>PARTIE II : <a href=\"https:\/\/www.auditsi.eu\/?p=10808\">Refonte du r\u00e9sultat exceptionnel<\/a><\/li>\n<li>PARTIE III : <a href=\"https:\/\/www.auditsi.eu\/?p=10809\">R\u00e9vision des plans de comptes et des sch\u00e9mas d&#8217;\u00e9critures<\/a><\/li>\n<li>PARTIE IV : <a href=\"https:\/\/www.auditsi.eu\/?p=10708\">Tableau de passage entre le plan de comptes et les rubriques des \u00e9tats financiers<\/a><\/li>\n<li>PARTIE V : <a href=\"https:\/\/www.auditsi.eu\/?p=10810\">Impact sur le calcul de la VA CVAE et sur celui de la RSP<\/a><\/li>\n<\/ul>\n<p style=\"text-align: justify;\">La suppression des transferts de charges et la r\u00e9forme du r\u00e9sultat exceptionnel (\u00e9voqu\u00e9es dans les deux premi\u00e8res parties) se traduisent par la r\u00e9vision des plans de comptes (cf troisi\u00e8me partie). Les \u00e9tats financiers sont \u00e9galement impact\u00e9s.<\/p>\n<p style=\"text-align: justify;\">Le r\u00e8glement N\u00b0 2022-06 fournit les <strong>tableaux de passage entre le plan de comptes et les rubriques des \u00e9tats financiers<\/strong>.<\/p>\n<p style=\"text-align: justify;\">Actif du bilan &#8211; Immobilisations :<\/p>\n<p><img loading=\"lazy\" decoding=\"async\" class=\"aligncenter size-full wp-image-10713\" src=\"https:\/\/www.auditsi.eu\/wp-content\/uploads\/2022\/12\/ACTIF-IMMOBILISE.png\" alt=\"ACTIF IMMOBILISE\" width=\"601\" height=\"574\" srcset=\"https:\/\/www.auditsi.eu\/wp-content\/uploads\/2022\/12\/ACTIF-IMMOBILISE.png 601w, https:\/\/www.auditsi.eu\/wp-content\/uploads\/2022\/12\/ACTIF-IMMOBILISE-300x287.png 300w\" sizes=\"auto, (max-width: 601px) 100vw, 601px\" \/><\/p>\n<p style=\"text-align: justify;\">Actif du bilan &#8211; bas de bilan :<\/p>\n<p><img loading=\"lazy\" decoding=\"async\" class=\"aligncenter size-full wp-image-10714\" src=\"https:\/\/www.auditsi.eu\/wp-content\/uploads\/2022\/12\/ACTIF-CIRCULANT.png\" alt=\"ACTIF CIRCULANT\" width=\"604\" height=\"599\" srcset=\"https:\/\/www.auditsi.eu\/wp-content\/uploads\/2022\/12\/ACTIF-CIRCULANT.png 604w, https:\/\/www.auditsi.eu\/wp-content\/uploads\/2022\/12\/ACTIF-CIRCULANT-300x298.png 300w, https:\/\/www.auditsi.eu\/wp-content\/uploads\/2022\/12\/ACTIF-CIRCULANT-150x150.png 150w, https:\/\/www.auditsi.eu\/wp-content\/uploads\/2022\/12\/ACTIF-CIRCULANT-120x120.png 120w\" sizes=\"auto, (max-width: 604px) 100vw, 604px\" \/><\/p>\n<p style=\"text-align: justify;\">Passif du bilan :<\/p>\n<p><img loading=\"lazy\" decoding=\"async\" class=\"aligncenter size-full wp-image-10715\" src=\"https:\/\/www.auditsi.eu\/wp-content\/uploads\/2022\/12\/PASSIF.png\" alt=\"PASSIF\" width=\"606\" height=\"726\" srcset=\"https:\/\/www.auditsi.eu\/wp-content\/uploads\/2022\/12\/PASSIF.png 606w, https:\/\/www.auditsi.eu\/wp-content\/uploads\/2022\/12\/PASSIF-250x300.png 250w\" sizes=\"auto, (max-width: 606px) 100vw, 606px\" \/><\/p>\n<p style=\"text-align: justify;\">Compte de r\u00e9sultat (1\u00e8re partie) :<\/p>\n<p><img loading=\"lazy\" decoding=\"async\" class=\"aligncenter size-full wp-image-10716\" src=\"https:\/\/www.auditsi.eu\/wp-content\/uploads\/2022\/12\/COMPTE-RESULTAT-1.png\" alt=\"COMPTE RESULTAT 1\" width=\"608\" height=\"984\" srcset=\"https:\/\/www.auditsi.eu\/wp-content\/uploads\/2022\/12\/COMPTE-RESULTAT-1.png 608w, https:\/\/www.auditsi.eu\/wp-content\/uploads\/2022\/12\/COMPTE-RESULTAT-1-185x300.png 185w\" sizes=\"auto, (max-width: 608px) 100vw, 608px\" \/><\/p>\n<p style=\"text-align: justify;\">Compte de r\u00e9sultat (suite et fin) :<\/p>\n<p><img loading=\"lazy\" decoding=\"async\" class=\"aligncenter size-full wp-image-10717\" src=\"https:\/\/www.auditsi.eu\/wp-content\/uploads\/2022\/12\/COMPTE-RESULTAT-2.png\" alt=\"COMPTE RESULTAT 2\" width=\"559\" height=\"587\" srcset=\"https:\/\/www.auditsi.eu\/wp-content\/uploads\/2022\/12\/COMPTE-RESULTAT-2.png 559w, https:\/\/www.auditsi.eu\/wp-content\/uploads\/2022\/12\/COMPTE-RESULTAT-2-286x300.png 286w\" sizes=\"auto, (max-width: 559px) 100vw, 559px\" \/><\/p>\n<p style=\"text-align: justify;\">Il sera n\u00e9cessaire de revoir les <strong>param\u00e9trages des \u00e9tats financiers<\/strong> dans les diff\u00e9rents logiciels les produisant (notamment les <strong>fourchettes de comptes<\/strong> des logiciels d&#8217;\u00e9dition des <strong>plaquettes de comptes annuels<\/strong> et <strong>liasses fiscales<\/strong>), sans oublier les logiciels de <strong>consolidation comptable<\/strong> (\u00e9tats financiers consolid\u00e9s, tableau des flux de tr\u00e9sorerie&#8230;).<\/p>\n<p style=\"text-align: justify;\">A noter que la <strong>valeur ajout\u00e9e<\/strong> (VA) calcul\u00e9e dans le <strong>tableau des soldes interm\u00e9diaires de gestion<\/strong> (SIG) est impact\u00e9e par la suppression des comptes de transferts de charges (comptes 79x) dans la mesure o\u00f9 ceux-ci sont exclus du calcul de la VA alors que certains comptes de remplacement (\u00e0 l&#8217;image des comptes 708x) sont inclus dedans.<\/p>\n<p style=\"text-align: justify;\">L&#8217;<strong>annexe des comptes annuels<\/strong> et celle des comptes consolid\u00e9s devront d\u00e9crire les impacts significatifs sur la pr\u00e9sentation des comptes et le cas \u00e9ch\u00e9ant pr\u00e9voir un proforma.<\/p>\n<p style=\"text-align: justify;\">Approfondir le sujet : <a href=\"https:\/\/www.auditsi.eu\/?p=10181\">Automatiser l\u2019\u00e9laboration du tableau des flux de tr\u00e9sorerie<\/a> \/ <a href=\"https:\/\/www.auditsi.eu\/?p=9157\">Analyse des donn\u00e9es comptables : calculer l\u2019EBE ou n\u2019importe quel autre poste des \u00e9tats financiers<\/a><\/p>\n<p style=\"text-align: justify;\">Le R\u00e8glement N\u00b0 2022-06 du 4 novembre 2022 (en cours d&#8217;homologation) modifiant le r\u00e8glement ANC N\u00b0 2014-03 du 5 juin 2014 relatif au plan comptable g\u00e9n\u00e9ral est <a href=\"https:\/\/www.anc.gouv.fr\/sites\/anc\/accueil\/normes-francaises\/toutes-actualites-fr-normes-fran\/page_content\/L-actusfr02\/lignePersoColSimpletitrepage\/la-actusfr\/lc-actus\/la-actusla-fr\/reglement-n-2022-06-relatif-a-la.html\" target=\"_blank\" rel=\"noopener\">t\u00e9l\u00e9chargeable sur le site de l&#8217;ANC<\/a> ou en <a href=\"https:\/\/www.auditsi.eu\/?p=10729\">1\u00e8re partie de cet article<\/a>.<\/p>\n<p style=\"text-align: justify;\">Tous les articles de la s\u00e9rie : <a href=\"https:\/\/www.auditsi.eu\/?cat=2839\">Modernisation des \u00e9tats financiers (R\u00e8glement ANC 2022-06)<\/a><\/p>\n<p style=\"text-align: justify;\">___<\/p>\n<p style=\"text-align: justify;\"><sup>(1)<\/sup> La Loi de Finances pour 2023 a act\u00e9 la suppression de la CVAE sur 2 ans (2023 et 2024).<\/p>\n<div id=\"sconnect-is-installed\" style=\"display: none; text-align: justify;\">2.13.0.0<\/div>\n<div id=\"sconnect-is-installed\" style=\"display: none;\">2.13.0.0<\/div>\n<div id=\"sconnect-is-installed\" style=\"display: none;\">2.13.0.0<\/div>\n<div id=\"sconnect-is-installed\" style=\"display: none;\">2.13.0.0<\/div>\n<div id=\"sconnect-is-installed\" style=\"display: none;\">2.13.0.0<\/div>\n<div id=\"sconnect-is-installed\" style=\"display: none;\">2.13.0.0<\/div>\n<div id=\"sconnect-is-installed\" style=\"display: none;\">2.13.0.0<\/div>\n<div id=\"sconnect-is-installed\" style=\"display: none;\">2.13.0.0<\/div>\n<div id=\"sconnect-is-installed\" style=\"display: none;\">2.13.0.0<\/div>\n<div id=\"sconnect-is-installed\" style=\"display: none;\">2.13.0.0<\/div>\n<div id=\"sconnect-is-installed\" style=\"display: none;\">2.13.0.0<\/div>\n<div id=\"sconnect-is-installed\" style=\"display: none;\">2.13.0.0<\/div>\n<div id=\"sconnect-is-installed\" style=\"display: none;\">2.13.0.0<\/div>\n<div id=\"sconnect-is-installed\" style=\"display: none;\">2.13.0.0<\/div>\n<div style=\"padding-bottom:20px; padding-top:10px;\" class=\"hupso-share-buttons\"><!-- Hupso Share Buttons - https:\/\/www.hupso.com\/share\/ --><a class=\"hupso_counters\" href=\"https:\/\/www.hupso.com\/share\/\"><img decoding=\"async\" src=\"https:\/\/static.hupso.com\/share\/buttons\/lang\/fr\/share-small.png\" style=\"border:0px; padding-top:2px; float:left;\" alt=\"Share Button\"\/><\/a><script type=\"text\/javascript\">var hupso_services_c=new Array(\"twitter\",\"facebook_like\",\"facebook_send\",\"email\",\"print\",\"linkedin\");var hupso_counters_lang = \"fr_FR\";var hupso_image_folder_url = \"\";var hupso_twitter_via=\"BenoitRiviere14\";var hupso_url_c=\"\";var hupso_title_c=\"R%C3%A8glement%20ANC%20n%C2%B0%202022-06%20relatif%20%C3%A0%20la%20modernisation%20des%20%C3%A9tats%20financiers%20%3A%204%C3%A8me%20partie%20-%20Tableau%20de%20passage%20entre%20le%20plan%20de%20comptes%20et%20les%20rubriques%20des%20%C3%A9tats%20financiers\";<\/script><script type=\"text\/javascript\" src=\"https:\/\/static.hupso.com\/share\/js\/counters.js\"><\/script><!-- Hupso Share Buttons --><\/div>","protected":false},"excerpt":{"rendered":"<p>Le Coll\u00e8ge de l\u2019Autorit\u00e9 des normes comptables (ANC) du 4 novembre 2022 a adopt\u00e9 le projet de r\u00e8glement N\u00b0 2022-06 modifiant le plan comptable g\u00e9n\u00e9ral (PCG) en vue de moderniser les \u00e9tats financiers et la nomenclature des comptes. Le R\u00e8glement, en cours d&#8217;homologation, entrera en vigueur pour les comptes des exercices ouverts \u00e0 compter du &#8230;<\/p>\n<p><a href=\"https:\/\/www.auditsi.eu\/?p=10708\" class=\"more-link\">Continue reading &lsquo;R\u00e8glement ANC n\u00b0 2022-06 relatif \u00e0 la modernisation des \u00e9tats financiers : 4\u00e8me partie &#8211; Tableau de passage entre le plan de comptes et les rubriques des \u00e9tats financiers&rsquo; &raquo;<\/a><\/p>\n<div style=\"padding-bottom:20px; padding-top:10px;\" class=\"hupso-share-buttons\"><!-- Hupso Share Buttons - https:\/\/www.hupso.com\/share\/ --><a class=\"hupso_counters\" href=\"https:\/\/www.hupso.com\/share\/\"><img src=\"https:\/\/static.hupso.com\/share\/buttons\/lang\/fr\/share-small.png\" style=\"border:0px; padding-top:2px; float:left;\" alt=\"Share Button\"\/><\/a><script type=\"text\/javascript\">var hupso_services_c=new Array(\"twitter\",\"facebook_like\",\"facebook_send\",\"email\",\"print\",\"linkedin\");var hupso_counters_lang = \"fr_FR\";var hupso_image_folder_url = \"\";var hupso_twitter_via=\"BenoitRiviere14\";var hupso_url_c=\"\";var hupso_title_c=\"R%C3%A8glement%20ANC%20n%C2%B0%202022-06%20relatif%20%C3%A0%20la%20modernisation%20des%20%C3%A9tats%20financiers%20%3A%204%C3%A8me%20partie%20-%20Tableau%20de%20passage%20entre%20le%20plan%20de%20comptes%20et%20les%20rubriques%20des%20%C3%A9tats%20financiers\";<\/script><script type=\"text\/javascript\" src=\"https:\/\/static.hupso.com\/share\/js\/counters.js\"><\/script><!-- Hupso Share Buttons --><\/div>","protected":false},"author":1,"featured_media":0,"comment_status":"open","ping_status":"open","sticky":false,"template":"","format":"standard","meta":{"advanced_seo_description":"","jetpack_seo_html_title":"","jetpack_seo_noindex":false,"ngg_post_thumbnail":0,"_jetpack_memberships_contains_paid_content":false,"footnotes":"","_links_to":"","_links_to_target":""},"categories":[717,324,2839],"tags":[1591,1650,1645,325,1684,2029,2128,1369,2846,2841,998,1248,995,1586,348],"class_list":["post-10708","post","type-post","status-publish","format-standard","hentry","category-comptes-annuels","category-comptes-consolides","category-modernisation-des-etats-financiers-reglement-anc-2022-06","tag-annexe-des-comptes-annuels","tag-comptes-annuels","tag-comptes-consolides","tag-etats-financiers","tag-fourchette-de-regroupement","tag-liasse-fiscale","tag-pcg","tag-plan-comptable-general","tag-proforma","tag-reglement-anc-n-2022-06","tag-sig","tag-tableau-de-flux-de-tresorerie","tag-tableau-de-passage","tag-tft","tag-valeur-ajoutee"],"jetpack_featured_media_url":"","jetpack_sharing_enabled":true,"jetpack_likes_enabled":false,"_links":{"self":[{"href":"https:\/\/www.auditsi.eu\/index.php?rest_route=\/wp\/v2\/posts\/10708","targetHints":{"allow":["GET"]}}],"collection":[{"href":"https:\/\/www.auditsi.eu\/index.php?rest_route=\/wp\/v2\/posts"}],"about":[{"href":"https:\/\/www.auditsi.eu\/index.php?rest_route=\/wp\/v2\/types\/post"}],"author":[{"embeddable":true,"href":"https:\/\/www.auditsi.eu\/index.php?rest_route=\/wp\/v2\/users\/1"}],"replies":[{"embeddable":true,"href":"https:\/\/www.auditsi.eu\/index.php?rest_route=%2Fwp%2Fv2%2Fcomments&post=10708"}],"version-history":[{"count":14,"href":"https:\/\/www.auditsi.eu\/index.php?rest_route=\/wp\/v2\/posts\/10708\/revisions"}],"predecessor-version":[{"id":11278,"href":"https:\/\/www.auditsi.eu\/index.php?rest_route=\/wp\/v2\/posts\/10708\/revisions\/11278"}],"wp:attachment":[{"href":"https:\/\/www.auditsi.eu\/index.php?rest_route=%2Fwp%2Fv2%2Fmedia&parent=10708"}],"wp:term":[{"taxonomy":"category","embeddable":true,"href":"https:\/\/www.auditsi.eu\/index.php?rest_route=%2Fwp%2Fv2%2Fcategories&post=10708"},{"taxonomy":"post_tag","embeddable":true,"href":"https:\/\/www.auditsi.eu\/index.php?rest_route=%2Fwp%2Fv2%2Ftags&post=10708"}],"curies":[{"name":"wp","href":"https:\/\/api.w.org\/{rel}","templated":true}]}}